{"id":1112,"date":"2015-08-13T15:19:29","date_gmt":"2015-08-13T15:19:29","guid":{"rendered":"http:\/\/www.obispadorqta.org.ar\/v3\/sanroquefaccioli\/"},"modified":"2015-08-13T15:19:29","modified_gmt":"2015-08-13T15:19:29","slug":"sanroquefaccioli","status":"publish","type":"post","link":"https:\/\/www.obispadorqta.org.ar\/v3\/sanroquefaccioli\/","title":{"rendered":"Nuevo Vicario Parroquial de la parroquia \u00abSan Roque\u00bb."},"content":{"rendered":"<div style=\"text-align: center\"><img loading=\"lazy\" decoding=\"async\" src=\"https:\/\/fbcdn-sphotos-g-a.akamaihd.net\/hphotos-ak-xpt1\/v\/t1.0-9\/p403x403\/11873542_843100259119800_1414916248243963073_n.jpg?oh=a7f6141f0a7c17c02f46e97b0999d7d2&#038;oe=563D4F19&#038;__gda__=1446807103_c5da2b7b2a40735466042993aeb835d5\" border=\"0\" width=\"372\" height=\"400\" \/><\/div>\n<div>\u00a0<\/div>\n<div style=\"text-align: justify\">\u00a0<span style=\"font-size: 12.1599998474121px; line-height: 1.3em\">Invitamos a todos a compartir la celebraci\u00f3n donde el Pbro. Omar Abel Faccioli asumir\u00e1 su oficio de Vicario Parroquial de la parroquia \u00abSan Roque\u00bb, la cual se llevar\u00e1 a cabo el d\u00eda domingo 16 de agosto en la sede parroquial a las 19: 00 hs.<\/span><\/div>\n<div style=\"text-align: justify\">Recordamos que la comunidad de \u00abSan Roque\u00bb estar\u00e1 viviendo su fiesta patronal, el mismo d\u00eda domingo, comenzando con una procesi\u00f3n (desde calle 39 y San Mart\u00edn hasta el Templo Parroquial) y concluyendo con la celebraci\u00f3n Eucar\u00edstica que ser\u00e1 presidida por el Obispo Diocesano, Mons. \u00c1ngel Jos\u00e9 Mac\u00edn, donde el P. Omar Faccioli realizar\u00e1 su profesi\u00f3n de fe y juramento de fidelidad al oficio encomendado.<\/div>\n<div style=\"text-align: justify\">Invitamos a toda la comunidad a participar de este acontecimiento y a rezar por la nueva tarea del P. Omar Faccioli.<\/div>\n","protected":false},"excerpt":{"rendered":"<div class=\"mh-excerpt\"><p>\u00a0 \u00a0Invitamos a todos a compartir la celebraci\u00f3n donde el Pbro. Omar Abel Faccioli asumir\u00e1 su oficio de Vicario Parroquial de la parroquia \u00abSan Roque\u00bb, <a class=\"mh-excerpt-more\" href=\"https:\/\/www.obispadorqta.org.ar\/v3\/sanroquefaccioli\/\" title=\"Nuevo Vicario Parroquial de la parroquia \u00abSan Roque\u00bb.\">[&#8230;]<\/a><\/p>\n<\/div>","protected":false},"author":1,"featured_media":0,"comment_status":"open","ping_status":"open","sticky":false,"template":"","format":"standard","meta":{"footnotes":""},"categories":[28],"tags":[],"class_list":["post-1112","post","type-post","status-publish","format-standard","hentry","category-latest-news"],"_links":{"self":[{"href":"https:\/\/www.obispadorqta.org.ar\/v3\/wp-json\/wp\/v2\/posts\/1112","targetHints":{"allow":["GET"]}}],"collection":[{"href":"https:\/\/www.obispadorqta.org.ar\/v3\/wp-json\/wp\/v2\/posts"}],"about":[{"href":"https:\/\/www.obispadorqta.org.ar\/v3\/wp-json\/wp\/v2\/types\/post"}],"author":[{"embeddable":true,"href":"https:\/\/www.obispadorqta.org.ar\/v3\/wp-json\/wp\/v2\/users\/1"}],"replies":[{"embeddable":true,"href":"https:\/\/www.obispadorqta.org.ar\/v3\/wp-json\/wp\/v2\/comments?post=1112"}],"version-history":[{"count":0,"href":"https:\/\/www.obispadorqta.org.ar\/v3\/wp-json\/wp\/v2\/posts\/1112\/revisions"}],"wp:attachment":[{"href":"https:\/\/www.obispadorqta.org.ar\/v3\/wp-json\/wp\/v2\/media?parent=1112"}],"wp:term":[{"taxonomy":"category","embeddable":true,"href":"https:\/\/www.obispadorqta.org.ar\/v3\/wp-json\/wp\/v2\/categories?post=1112"},{"taxonomy":"post_tag","embeddable":true,"href":"https:\/\/www.obispadorqta.org.ar\/v3\/wp-json\/wp\/v2\/tags?post=1112"}],"curies":[{"name":"wp","href":"https:\/\/api.w.org\/{rel}","templated":true}]}}