{"id":1113,"date":"2015-08-14T14:36:49","date_gmt":"2015-08-14T14:36:49","guid":{"rendered":"http:\/\/www.obispadorqta.org.ar\/v3\/pastoralorganica\/"},"modified":"2015-08-14T14:36:49","modified_gmt":"2015-08-14T14:36:49","slug":"pastoralorganica","status":"publish","type":"post","link":"https:\/\/www.obispadorqta.org.ar\/v3\/pastoralorganica\/","title":{"rendered":"PASTORAL ORG\u00c1NICA Y MISI\u00d3N"},"content":{"rendered":"<div style=\"text-align: justify\">\n<div style=\"text-align: center\">\u00a0<img loading=\"lazy\" decoding=\"async\" src=\"https:\/\/fbcdn-sphotos-a-a.akamaihd.net\/hphotos-ak-xpf1\/v\/t1.0-9\/p296x100\/11907189_843484542414705_2104860083711991221_n.jpg?oh=7f4225394d9b700f7ebd5dc28dfc4e11&#038;oe=564680B3&#038;__gda__=1446525710_2afffab9c21cd534ba6dc0c370a70f99\" border=\"0\" width=\"261\" height=\"400\" \/><span style=\"font-size: 12.1599998474121px; line-height: 1.3em; text-align: justify\">\u00a0<\/span><\/div>\n<div>El 15 de Agosto del corriente, solemnidad de la Asunci\u00f3n de Mar\u00eda, el Obispo Diocesano, Mons. \u00c1ngel Jos\u00e9 Mac\u00edn, presenta una nueva Carta Pastoral, bajo el t\u00edtulo <strong>\u00abANUNCIEN EL EVANGELIO A TODA LA CREACI\u00d3N\u00bb (Mc 16,15).<\/strong><\/div>\n<div>La misma tiene como objetivo ayudar a unificar la variedad de eventos y propuestas pastorales que, tanto a nivel mundial como a nivel nacional y local se est\u00e1n planteando y, sobre todo, <strong>relanzar la denominada \u00abpastoral org\u00e1nica diocesana\u00bb, en vistas a sostener una misi\u00f3n intensa y permanente.<\/strong> Una de los conceptos de fondo es que la Pastoral Org\u00e1nica es la plataforma necesaria para una Iglesia en salida. Y el pedido excluyente del obispo: renovar el impulso misionero en nuestras comunidades, sosteniendo que todo se debe orientar en esta direcci\u00f3n.<\/div>\n<div>La Carta Pastoral de Mons. Mac\u00edn ser\u00e1 acompa\u00f1ada por un folleto preparado por el Consejo Diocesano de Pastoral, que ayude a las parroquias y, eventualmente, a las zonas pastorales, a prepararse para la Asamblea Diocesana del 31 de Octubre pr\u00f3ximo, en la cual se tratar\u00e1 de discernir y definir las prioridades diocesanas y l\u00edneas de acci\u00f3n para los pr\u00f3ximos tres a\u00f1os, que luego deber\u00e1n ser confirmadas por el mismo obispo.<\/div>\n<div>En las pr\u00f3ximas semanas, los miembros del Consejo Diocesano de Pastoral estar\u00e1n disponibles para explicar, a trav\u00e9s de los diferentes medios de comunicaci\u00f3n o por medio de visitas a las parroquias, como preparar y qu\u00e9 aportes traer a la Asamblea Diocesana.<\/div>\n<div>A continuaci\u00f3n, compartimos los links donde encontrar\u00e1n el texto completo de la carta y el folleto preparatorio a la Asamblea Diocesana.<\/div>\n<div>\u00a0<\/div>\n<div><a href=\"https:\/\/www.dropbox.com\/s\/vhaomh43aj0ig0s\/Pastoral%20Organica.pdf?dl=0\">CARTA PASTORAL<\/a><\/div>\n<div>\u00a0<\/div>\n<div><a href=\"https:\/\/www.dropbox.com\/s\/hk2qn6sccunzynw\/PSTORAL%20FINAL.pdf?dl=0\">FOLLETO ASAMBLEA DIOCESANA<\/a><\/div>\n<\/div>\n<div>\u00a0<\/div>\n<div>\u00a0<\/div>\n","protected":false},"excerpt":{"rendered":"<div class=\"mh-excerpt\"><p>\u00a0\u00a0 El 15 de Agosto del corriente, solemnidad de la Asunci\u00f3n de Mar\u00eda, el Obispo Diocesano, Mons. \u00c1ngel Jos\u00e9 Mac\u00edn, presenta una nueva Carta Pastoral, <a class=\"mh-excerpt-more\" href=\"https:\/\/www.obispadorqta.org.ar\/v3\/pastoralorganica\/\" title=\"PASTORAL ORG\u00c1NICA Y MISI\u00d3N\">[&#8230;]<\/a><\/p>\n<\/div>","protected":false},"author":1,"featured_media":0,"comment_status":"open","ping_status":"open","sticky":false,"template":"","format":"standard","meta":{"footnotes":""},"categories":[28],"tags":[],"class_list":["post-1113","post","type-post","status-publish","format-standard","hentry","category-latest-news"],"_links":{"self":[{"href":"https:\/\/www.obispadorqta.org.ar\/v3\/wp-json\/wp\/v2\/posts\/1113","targetHints":{"allow":["GET"]}}],"collection":[{"href":"https:\/\/www.obispadorqta.org.ar\/v3\/wp-json\/wp\/v2\/posts"}],"about":[{"href":"https:\/\/www.obispadorqta.org.ar\/v3\/wp-json\/wp\/v2\/types\/post"}],"author":[{"embeddable":true,"href":"https:\/\/www.obispadorqta.org.ar\/v3\/wp-json\/wp\/v2\/users\/1"}],"replies":[{"embeddable":true,"href":"https:\/\/www.obispadorqta.org.ar\/v3\/wp-json\/wp\/v2\/comments?post=1113"}],"version-history":[{"count":0,"href":"https:\/\/www.obispadorqta.org.ar\/v3\/wp-json\/wp\/v2\/posts\/1113\/revisions"}],"wp:attachment":[{"href":"https:\/\/www.obispadorqta.org.ar\/v3\/wp-json\/wp\/v2\/media?parent=1113"}],"wp:term":[{"taxonomy":"category","embeddable":true,"href":"https:\/\/www.obispadorqta.org.ar\/v3\/wp-json\/wp\/v2\/categories?post=1113"},{"taxonomy":"post_tag","embeddable":true,"href":"https:\/\/www.obispadorqta.org.ar\/v3\/wp-json\/wp\/v2\/tags?post=1113"}],"curies":[{"name":"wp","href":"https:\/\/api.w.org\/{rel}","templated":true}]}}