{"id":1117,"date":"2015-08-19T15:03:55","date_gmt":"2015-08-19T15:03:55","guid":{"rendered":"http:\/\/www.obispadorqta.org.ar\/v3\/emergenciahidrica\/"},"modified":"2015-08-19T15:03:55","modified_gmt":"2015-08-19T15:03:55","slug":"emergenciahidrica","status":"publish","type":"post","link":"https:\/\/www.obispadorqta.org.ar\/v3\/emergenciahidrica\/","title":{"rendered":"Comunicado de Prensa Emergencia H\u00eddrica"},"content":{"rendered":"<p style=\"text-align: center\" class=\"MsoNormal\">\u00a0<img loading=\"lazy\" decoding=\"async\" src=\"https:\/\/scontent-gru1-1.xx.fbcdn.net\/hphotos-xfp1\/v\/t1.0-9\/11889588_845542608875565_8545801599978349315_n.jpg?oh=afe6553ede99f85115055437ec1d8def&#038;oe=567F2EB2\" border=\"0\" width=\"400\" height=\"316\" \/><\/p>\n<p style=\"text-align: right\" class=\"MsoNormal\" align=\"right\"><span style=\"font-size: 12pt; line-height: 115%; font-family: 'Times New Roman'\">Reconquista, 19 de agosto de 2015<\/span><\/p>\n<p style=\"text-align: center\" class=\"MsoNormal\" align=\"center\"><span>\u00a0<\/span><\/p>\n<p style=\"text-align: center\" class=\"MsoNormal\" align=\"center\"><strong><span style=\"font-size: 14pt; line-height: 115%; font-family: 'Times New Roman'\">COMUNICADO DE PRENSA<\/span><\/strong><strong style=\"font-size: 12.1599998474121px; line-height: 1.3em\"><span style=\"font-size: 14pt; line-height: 115%; font-family: 'Times New Roman'\">\u00a0<\/span><\/strong><\/p>\n<p style=\"margin-bottom: 0.0001pt; text-align: justify\" class=\"MsoNormal\"><span><font face=\"Times New Roman\"><span style=\"line-height: 150%\">Ante la emergencia h\u00eddrica que afecta nuestra zona, C\u00c1RITAS DIOCESANA solicita a la comunidad colaboraci\u00f3n con art\u00edculos comestibles y de limpieza que se detallan a continuaci\u00f3n: <\/span><\/font><strong><font face=\"Times New Roman\"><span style=\"line-height: 150%\">ACEITE, HARINA, ARROZ,\u00a0<\/span><span style=\"line-height: 18.2399997711182px\">AZ\u00daCAR<\/span><span style=\"line-height: 150%\">, FIDEO, YERBA, EXTRACTO DE TOMATE, GRASA, LECHE, MATECOCIDO O\u00a0 CHOCOLATE, Y JAB\u00d3N EN PAN. <\/span><\/font><\/strong><font face=\"Times New Roman\"><span style=\"line-height: 150%\">Se solicita tambi\u00e9n <\/span><\/font><strong style=\"font-family: 'Times New Roman'; line-height: 150%\">PA\u00d1ALES, FRAZADAS, CALZADOS Y ROPA, PREFERENTEMENTE PARA NI\u00d1OS (EN BUENAS CONDICIONES PARA ENTREGADO DIRECTAMENTE A LAS FAMILIAS AFECTADAS). <\/strong><font face=\"Times New Roman\"><span style=\"line-height: 150%\">Siguiendo el Protocolo del \u00e1rea de Emergencias de Caritas Diocesana, se clasificar\u00e1 los recursos solicitados y se otorgar\u00e1n, en base a los datos recolectados, a familias afectadas para poder responder organizada y responsablemente a esta situaci\u00f3n; todo esto en coordinaci\u00f3n con el Municipio y otras instituciones que est\u00e1n trabajando para paliar los efectos de este fen\u00f3meno clim\u00e1tico.<\/span><\/font><\/span><\/p>\n<p style=\"margin-bottom: 0.0001pt; text-align: justify; line-height: 150%\" class=\"MsoNormal\"><span style=\"font-family: 'Times New Roman'\">\u00a0\u00a0\u00a0\u00a0\u00a0\u00a0\u00a0\u00a0\u00a0\u00a0\u00a0\u00a0 Se recibir\u00e1 lo solicitado en calle la <strong>Sede Diocesana<\/strong>, sito en calle <strong>Mitre N\u00ba 283<\/strong>, los d\u00edas Mi\u00e9rcoles 19, jueves 20, y viernes 21 por la ma\u00f1ana, de 8 a 13 hs., y por la tarde, de 15 a 20hs y el d\u00eda S\u00e1bado 22 por la ma\u00f1ana de 8 a 13 hs.; y en la sede de la\u00a0<strong>Parroquia San<\/strong><strong> Jos\u00e9, <\/strong>sito en <strong>ruta A009 km 8<\/strong>,<strong> <\/strong>los d\u00edas Mi\u00e9rcoles 19, jueves 20, y viernes 21 por la ma\u00f1ana, de 8 a 12 y por la tarde, de 16 hs a 20hs. <\/span><\/p>\n<p style=\"margin-bottom: 0.0001pt; text-align: justify\" class=\"MsoNormal\"><span style=\"font-family: 'Times New Roman'\">\u00a0\u00a0\u00a0\u00a0\u00a0\u00a0\u00a0\u00a0\u00a0\u00a0\u00a0 \u00a1Gracias por su solidaridad!<\/span><\/p>\n<p style=\"margin-bottom: 0.0001pt; text-align: justify\" class=\"MsoNormal\"><span style=\"font-family: 'Times New Roman'\">C\u00c1RITAS DIOCESANA\u00a0\u00a0\u00a0\u00a0\u00a0\u00a0\u00a0\u00a0\u00a0\u00a0\u00a0\u00a0\u00a0\u00a0\u00a0\u00a0\u00a0\u00a0\u00a0\u00a0\u00a0\u00a0\u00a0\u00a0\u00a0\u00a0\u00a0\u00a0\u00a0\u00a0\u00a0\u00a0\u00a0\u00a0\u00a0\u00a0\u00a0\u00a0\u00a0\u00a0\u00a0\u00a0\u00a0\u00a0\u00a0\u00a0\u00a0\u00a0\u00a0\u00a0\u00a0\u00a0\u00a0\u00a0 OBISPADO DE RECONQUISTA<\/span><\/p>\n","protected":false},"excerpt":{"rendered":"<div class=\"mh-excerpt\"><p>\u00a0 Reconquista, 19 de agosto de 2015 \u00a0 COMUNICADO DE PRENSA\u00a0 Ante la emergencia h\u00eddrica que afecta nuestra zona, C\u00c1RITAS DIOCESANA solicita a la comunidad <a class=\"mh-excerpt-more\" href=\"https:\/\/www.obispadorqta.org.ar\/v3\/emergenciahidrica\/\" title=\"Comunicado de Prensa Emergencia H\u00eddrica\">[&#8230;]<\/a><\/p>\n<\/div>","protected":false},"author":1,"featured_media":0,"comment_status":"open","ping_status":"open","sticky":false,"template":"","format":"standard","meta":{"footnotes":""},"categories":[28],"tags":[],"class_list":["post-1117","post","type-post","status-publish","format-standard","hentry","category-latest-news"],"_links":{"self":[{"href":"https:\/\/www.obispadorqta.org.ar\/v3\/wp-json\/wp\/v2\/posts\/1117","targetHints":{"allow":["GET"]}}],"collection":[{"href":"https:\/\/www.obispadorqta.org.ar\/v3\/wp-json\/wp\/v2\/posts"}],"about":[{"href":"https:\/\/www.obispadorqta.org.ar\/v3\/wp-json\/wp\/v2\/types\/post"}],"author":[{"embeddable":true,"href":"https:\/\/www.obispadorqta.org.ar\/v3\/wp-json\/wp\/v2\/users\/1"}],"replies":[{"embeddable":true,"href":"https:\/\/www.obispadorqta.org.ar\/v3\/wp-json\/wp\/v2\/comments?post=1117"}],"version-history":[{"count":0,"href":"https:\/\/www.obispadorqta.org.ar\/v3\/wp-json\/wp\/v2\/posts\/1117\/revisions"}],"wp:attachment":[{"href":"https:\/\/www.obispadorqta.org.ar\/v3\/wp-json\/wp\/v2\/media?parent=1117"}],"wp:term":[{"taxonomy":"category","embeddable":true,"href":"https:\/\/www.obispadorqta.org.ar\/v3\/wp-json\/wp\/v2\/categories?post=1117"},{"taxonomy":"post_tag","embeddable":true,"href":"https:\/\/www.obispadorqta.org.ar\/v3\/wp-json\/wp\/v2\/tags?post=1117"}],"curies":[{"name":"wp","href":"https:\/\/api.w.org\/{rel}","templated":true}]}}