{"id":1118,"date":"2015-08-21T15:15:08","date_gmt":"2015-08-21T15:15:08","guid":{"rendered":"http:\/\/www.obispadorqta.org.ar\/v3\/mmmmm\/"},"modified":"2015-08-21T15:15:08","modified_gmt":"2015-08-21T15:15:08","slug":"mmmmm","status":"publish","type":"post","link":"https:\/\/www.obispadorqta.org.ar\/v3\/mmmmm\/","title":{"rendered":"Nuevos destinos pastorales"},"content":{"rendered":"<div style=\"text-align: left\">\n<div>\u00a0<span style=\"font-size: 12.1599998474121px; line-height: 1.3em\">Invitamos a todos a compartir las celebraciones donde los Pbros. Efr\u00e9n Mario Agretti, Roberto Carlos Perez y el Pbro. Juan Sebasti\u00e1n Splawinski, asumir\u00e1n sus nuevos oficios.<\/span><\/div>\n<div style=\"text-align: center\"><img loading=\"lazy\" decoding=\"async\" src=\"https:\/\/fbcdn-sphotos-h-a.akamaihd.net\/hphotos-ak-xtp1\/v\/t1.0-9\/11870699_846355578794268_3211544392354827781_n.jpg?oh=5896727e78017811a2abf6373c8578f2&#038;oe=563F607D&#038;__gda__=1450050123_1361927658ce3c9543dada64cd972a1b\" border=\"0\" width=\"143\" height=\"150\" \/><\/div>\n<div>El d\u00eda s\u00e1bado 22 de agosto a las 19:00 hs. asumir\u00e1 como Administrador Parroquial de la Parroquia \u00abSagrado Coraz\u00f3n de Jes\u00fas\u00bb de La Gallareta el Pbro. Juan Sebasti\u00e1n Splawinski.<\/div>\n<div><span style=\"font-size: 12.1599998474121px; line-height: 1.3em\">\u00a0<\/span><\/div>\n<div>El d\u00eda domingo 23 de agosto a las 19:00 hs. har\u00e1n lo propio el Pbro. Efr\u00e9n Mario Agretti como P\u00e1rroco y Rector de la Iglesia Catedral, y el Pbro. Roberto Carlos P\u00e9rez como Vicario Parroquial de la Parroquia \u00abInmaculada Concepci\u00f3n\u00bb de Reconquista.<\/div>\n<div style=\"text-align: center\"><img loading=\"lazy\" decoding=\"async\" src=\"https:\/\/scontent-gru1-1.xx.fbcdn.net\/hphotos-xfp1\/v\/t1.0-9\/11899966_846355595460933_5896501430791217408_n.jpg?oh=f6321152341d5f38cc5f38e0d611e643&#038;oe=563C627B\" border=\"0\" width=\"111\" height=\"148\" \/><img loading=\"lazy\" decoding=\"async\" src=\"https:\/\/scontent-gru1-1.xx.fbcdn.net\/hphotos-xfp1\/v\/t1.0-9\/11903834_846355592127600_8498800757412050574_n.jpg?oh=cc63293d9a31c8f0674e9a6a76e098a5&#038;oe=563D2C26\" border=\"0\" width=\"150\" height=\"147\" \/><\/div>\n<div>\u00a0<\/div>\n<div>\u00a0<span style=\"font-size: 12.1599998474121px; line-height: 1.3em\">Ambas celebraciones ser\u00e1n presididas por el Obispo Diocesano, Mons. \u00c1ngel Jos\u00e9 Mac\u00edn, donde los presb\u00edteros realizar\u00e1n su profesi\u00f3n de fe y juramento de fidelidad al oficio encomendado.<\/span><\/div>\n<div>Invitamos a toda la comunidad a participar de estos acontecimientos y a orar por nuestros sacerdotes en el marco del a\u00f1o vocacional Diocesano.<\/div>\n<\/div>\n<div>\u00a0<\/div>\n<div>\u00a0<\/div>\n","protected":false},"excerpt":{"rendered":"<div class=\"mh-excerpt\"><p>\u00a0Invitamos a todos a compartir las celebraciones donde los Pbros. Efr\u00e9n Mario Agretti, Roberto Carlos Perez y el Pbro. Juan Sebasti\u00e1n Splawinski, asumir\u00e1n sus nuevos <a class=\"mh-excerpt-more\" href=\"https:\/\/www.obispadorqta.org.ar\/v3\/mmmmm\/\" title=\"Nuevos destinos pastorales\">[&#8230;]<\/a><\/p>\n<\/div>","protected":false},"author":1,"featured_media":0,"comment_status":"open","ping_status":"open","sticky":false,"template":"","format":"standard","meta":{"footnotes":""},"categories":[28],"tags":[],"class_list":["post-1118","post","type-post","status-publish","format-standard","hentry","category-latest-news"],"_links":{"self":[{"href":"https:\/\/www.obispadorqta.org.ar\/v3\/wp-json\/wp\/v2\/posts\/1118","targetHints":{"allow":["GET"]}}],"collection":[{"href":"https:\/\/www.obispadorqta.org.ar\/v3\/wp-json\/wp\/v2\/posts"}],"about":[{"href":"https:\/\/www.obispadorqta.org.ar\/v3\/wp-json\/wp\/v2\/types\/post"}],"author":[{"embeddable":true,"href":"https:\/\/www.obispadorqta.org.ar\/v3\/wp-json\/wp\/v2\/users\/1"}],"replies":[{"embeddable":true,"href":"https:\/\/www.obispadorqta.org.ar\/v3\/wp-json\/wp\/v2\/comments?post=1118"}],"version-history":[{"count":0,"href":"https:\/\/www.obispadorqta.org.ar\/v3\/wp-json\/wp\/v2\/posts\/1118\/revisions"}],"wp:attachment":[{"href":"https:\/\/www.obispadorqta.org.ar\/v3\/wp-json\/wp\/v2\/media?parent=1118"}],"wp:term":[{"taxonomy":"category","embeddable":true,"href":"https:\/\/www.obispadorqta.org.ar\/v3\/wp-json\/wp\/v2\/categories?post=1118"},{"taxonomy":"post_tag","embeddable":true,"href":"https:\/\/www.obispadorqta.org.ar\/v3\/wp-json\/wp\/v2\/tags?post=1118"}],"curies":[{"name":"wp","href":"https:\/\/api.w.org\/{rel}","templated":true}]}}