{"id":1120,"date":"2015-08-26T12:12:53","date_gmt":"2015-08-26T12:12:53","guid":{"rendered":"http:\/\/www.obispadorqta.org.ar\/v3\/maistrello-2\/"},"modified":"2015-08-26T12:12:53","modified_gmt":"2015-08-26T12:12:53","slug":"maistrello-2","status":"publish","type":"post","link":"https:\/\/www.obispadorqta.org.ar\/v3\/maistrello-2\/","title":{"rendered":"Noticias del Pbro. Giancarlo Maistrello"},"content":{"rendered":"<div style=\"text-align: center\"><img loading=\"lazy\" decoding=\"async\" src=\"https:\/\/fbcdn-sphotos-f-a.akamaihd.net\/hphotos-ak-xpf1\/v\/t1.0-9\/11898643_848844448545381_3772347376287943037_n.jpg?oh=eda7fda78abd5431b93572cfc1e00d1c&#038;oe=563B32AA&#038;__gda__=1449678016_0ea05f614eb5684b18bba55bf721c9e3\" border=\"0\" width=\"300\" height=\"400\" \/><\/div>\n<div>\u00a0<\/div>\n<div>\u00a0<\/div>\n<div style=\"text-align: justify\">\n<div>Informamos que el Pbro. Giancarlo Maistrello se recupera favorablemente de la intervenci\u00f3n quir\u00fargica que le fuera practicada el d\u00eda de ayer en Italia. En estos momentos se encuentra en el pos operatorio con muy buen \u00e1nimo y esperando pronto poder comenzar la etapa de rehabilitaci\u00f3n.<\/div>\n<div>\u00a0<\/div>\n<div>Encomienda a Dios todo lo que ha vivido y lo entrega por la Di\u00f3cesis de Reconquista y en especial a su querida comunidad de Margarita.<\/div>\n<div>\u00a0<\/div>\n<div>Invitamos a seguir orando por la pronta recuperaci\u00f3n del P. Giancarlo<\/div>\n<\/div>\n<div>\u00a0<\/div>\n<div>\u00a0<\/div>\n","protected":false},"excerpt":{"rendered":"<div class=\"mh-excerpt\"><p>\u00a0 \u00a0 Informamos que el Pbro. Giancarlo Maistrello se recupera favorablemente de la intervenci\u00f3n quir\u00fargica que le fuera practicada el d\u00eda de ayer en Italia. <a class=\"mh-excerpt-more\" href=\"https:\/\/www.obispadorqta.org.ar\/v3\/maistrello-2\/\" title=\"Noticias del Pbro. Giancarlo Maistrello\">[&#8230;]<\/a><\/p>\n<\/div>","protected":false},"author":1,"featured_media":0,"comment_status":"open","ping_status":"open","sticky":false,"template":"","format":"standard","meta":{"footnotes":""},"categories":[28],"tags":[],"class_list":["post-1120","post","type-post","status-publish","format-standard","hentry","category-latest-news"],"_links":{"self":[{"href":"https:\/\/www.obispadorqta.org.ar\/v3\/wp-json\/wp\/v2\/posts\/1120","targetHints":{"allow":["GET"]}}],"collection":[{"href":"https:\/\/www.obispadorqta.org.ar\/v3\/wp-json\/wp\/v2\/posts"}],"about":[{"href":"https:\/\/www.obispadorqta.org.ar\/v3\/wp-json\/wp\/v2\/types\/post"}],"author":[{"embeddable":true,"href":"https:\/\/www.obispadorqta.org.ar\/v3\/wp-json\/wp\/v2\/users\/1"}],"replies":[{"embeddable":true,"href":"https:\/\/www.obispadorqta.org.ar\/v3\/wp-json\/wp\/v2\/comments?post=1120"}],"version-history":[{"count":0,"href":"https:\/\/www.obispadorqta.org.ar\/v3\/wp-json\/wp\/v2\/posts\/1120\/revisions"}],"wp:attachment":[{"href":"https:\/\/www.obispadorqta.org.ar\/v3\/wp-json\/wp\/v2\/media?parent=1120"}],"wp:term":[{"taxonomy":"category","embeddable":true,"href":"https:\/\/www.obispadorqta.org.ar\/v3\/wp-json\/wp\/v2\/categories?post=1120"},{"taxonomy":"post_tag","embeddable":true,"href":"https:\/\/www.obispadorqta.org.ar\/v3\/wp-json\/wp\/v2\/tags?post=1120"}],"curies":[{"name":"wp","href":"https:\/\/api.w.org\/{rel}","templated":true}]}}