{"id":1121,"date":"2015-08-28T14:05:31","date_gmt":"2015-08-28T14:05:31","guid":{"rendered":"http:\/\/www.obispadorqta.org.ar\/v3\/jornadamundial\/"},"modified":"2015-08-28T14:05:31","modified_gmt":"2015-08-28T14:05:31","slug":"jornadamundial","status":"publish","type":"post","link":"https:\/\/www.obispadorqta.org.ar\/v3\/jornadamundial\/","title":{"rendered":"Jornada Mundial de Oraci\u00f3n por el cuidado de la Creaci\u00f3n"},"content":{"rendered":"<div style=\"text-align: justify\"><img loading=\"lazy\" decoding=\"async\" src=\"https:\/\/scontent-gru1-1.xx.fbcdn.net\/hphotos-xaf1\/v\/t1.0-9\/11737964_832672730162553_4123336419338614817_n.jpg?oh=a932ad52a3f09d5da61f5b2eee7992af&#038;oe=566B2CA7\" border=\"0\" width=\"108\" height=\"150\" align=\"left\" \/><\/p>\n<div>Mons. \u00c1ngel Jos\u00e9 Mac\u00edn, Obispo de la di\u00f3cesis, en consonancia con la invitaci\u00f3n que realizara el Papa Francisco para <strong>que el pr\u00f3ximo martes 01 de septiembre se celebre por primera vez la \u201cJornada Mundial de Oraci\u00f3n por el cuidado de la Creaci\u00f3n\u201d<\/strong>, anima a todos los sacerdotes, di\u00e1conos permanentes, religiosas\/os, personas consagradas, fieles laicos de todas las comunidades parroquiales y a quienes lo deseen, a participar y programar oportunas y creativas iniciativas de reflexi\u00f3n y oraci\u00f3n, seg\u00fan las variadas realidades eclesiales locales.<span style=\"font-size: 12.1599998474121px; line-height: 1.3em\">\u00a0<\/span><\/div>\n<div>\u00a0<\/div>\n<div><span style=\"font-size: 12.1599998474121px; line-height: 1.3em\">A<\/span><span style=\"font-size: 12.1599998474121px; line-height: 15.8080005645752px\">provechando esta ocasi\u00f3n les comunicamos que el pr\u00f3ximo S\u00e1bado 12 de septiembre en la Sede diocesana de Pastoral en Reconquista, se realizara un Panel abierto para todo p\u00fablico, sobre la enc\u00edclica del Santo Padre LAUDATO SI, organizado por la Pastoral Social diocesana.\u00a0<\/span><\/div>\n<div>\u00a0<\/div>\n<div>Mons. Mac\u00edn recuerda que el sumo Pont\u00edfice nos llama y nos impulsa a un estilo particular: <strong>\u201cEn comuni\u00f3n de oraci\u00f3n con nuestros hermanos ortodoxos y con todas las personas de buena voluntad, queremos ofrecer nuestra contribuci\u00f3n para superar la crisis ecol\u00f3gica que se est\u00e1 viviendo\u201d.\u00a0<\/strong><\/div>\n<div>\u00a0<\/div>\n<div>La reciente Carta Pastoral de Mons. Mac\u00edn enfatiza: \u201curge que podamos impregnar, con el Evangelio de Jesucristo, el mundo en el cual vivimos, comenzando por el lugar donde habitamos y tratando de alcanzar otros \u00e1mbitos y espacios amenazados por la desintegraci\u00f3n y la contaminaci\u00f3n. Es preciso que comencemos por nosotros mismos&#8230;\u201d (C.P.\u201d Anuncien el evangelio a toda la Creaci\u00f3n\u201d. 2. Enviados a toda la creaci\u00f3n.).<\/div>\n<div>\u00a0<\/div>\n<div>Sugiere que en vista a las actividades que se organicen y para que la Jornada se vuelva un momento fuerte de encuentro, recemos la siguiente oraci\u00f3n:<\/div>\n<div>\u00a0<\/div>\n<div><strong>Oraci\u00f3n cristiana con la creaci\u00f3n<\/strong><\/div>\n<div><span style=\"font-size: 12.1599998474121px; line-height: 1.3em\">\u00a0<\/span><\/div>\n<div>Te alabamos, Padre, con todas tus criaturas, que salieron de tu mano poderosa.<\/div>\n<div>Son tuyas,<\/div>\n<div>y est\u00e1n llenas de tu presencia y de tu ternura.\u00a0<\/div>\n<div>Alabado seas.<\/div>\n<div>Hijo de Dios, Jes\u00fas,<\/div>\n<div>por ti fueron creadas todas las cosas.<\/div>\n<div>Te formaste en el seno materno de Mar\u00eda, te hiciste parte de esta tierra,<\/div>\n<div>y miraste este mundo con ojos humanos.<\/div>\n<div>Hoy est\u00e1s vivo en cada criatura<\/div>\n<div>con tu gloria de resucitado.\u00a0<\/div>\n<div>Alabado seas.<\/div>\n<div><\/div>\n<div>Esp\u00edritu Santo, que con tu luz<\/div>\n<div>orientas este mundo hacia el amor del Padre y acompa\u00f1as el gemido de la creaci\u00f3n,<\/div>\n<div>t\u00fa vives tambi\u00e9n en nuestros corazones para impulsarnos al bien.<\/div>\n<div>Alabado seas.<\/div>\n<div><\/div>\n<div>Se\u00f1or Uno y Trino,<\/div>\n<div>comunidad preciosa de amor infinito,<\/div>\n<div>ens\u00e9\u00f1anos a contemplarte en la belleza del universo, donde todo nos habla de ti.<\/div>\n<div>Despierta nuestra alabanza y nuestra gratitud por cada ser que has creado.<\/div>\n<div>Danos la gracia de sentirnos \u00edntimamente unidos con todo lo que existe.<\/div>\n<div><\/div>\n<div>Dios de amor,<\/div>\n<div>mu\u00e9stranos nuestro lugar en este mundo como instrumentos de tu cari\u00f1o<\/div>\n<div>por todos los seres de esta tierra,<\/div>\n<div>porque ninguno de ellos est\u00e1 olvidado ante ti.\u00a0<\/div>\n<div>Ilumina a los due\u00f1os del poder y del dinero<\/div>\n<div>para que se guarden del pecado de la indiferencia, amen el bien com\u00fan, promuevan a los d\u00e9biles, y cuiden este mundo que habitamos.\u00a0<\/div>\n<div>Los pobres y la tierra est\u00e1n clamando:<\/div>\n<div>Se\u00f1or, t\u00f3manos a nosotros con tu poder y tu luz, para proteger toda vida,<\/div>\n<div>para preparar un futuro mejor, para que venga tu Reino<\/div>\n<div>de justicia, de paz, de amor y de hermosura.\u00a0<\/div>\n<div>Alabado seas.<\/div>\n<div>Am\u00e9n.<\/div>\n<div>\u00a0<\/div>\n<div style=\"text-align: center\"><img loading=\"lazy\" decoding=\"async\" src=\"https:\/\/fbcdn-sphotos-d-a.akamaihd.net\/hphotos-ak-xfp1\/t31.0-8\/s960x960\/11882261_850029038426922_6411792577377408630_o.jpg\" border=\"0\" width=\"313\" height=\"450\" \/>\u00a0<\/div>\n<div><\/div>\n<div style=\"text-align: right\">Obispado de Reconquista, 28 de agosto de 2015, d\u00eda de San Agust\u00edn.<\/div>\n<div><\/div>\n<\/div>\n","protected":false},"excerpt":{"rendered":"<div class=\"mh-excerpt\"><div style=\"text-align: justify\"><img loading=\"lazy\" decoding=\"async\" src=\"https:\/\/scontent-gru1-1.xx.fbcdn.net\/hphotos-xaf1\/v\/t1.0-9\/11737964_832672730162553_4123336419338614817_n.jpg?oh=a932ad52a3f09d5da61f5b2eee7992af&#038;oe=566B2CA7\" border=\"0\" width=\"108\" height=\"150\" align=\"left\" \/><\/p>\n<div>Mons. \u00c1ngel Jos\u00e9 Mac\u00edn, Obispo de la di\u00f3cesis, en consonancia con la invitaci\u00f3n que realizara el Papa Francisco para <strong>que el pr\u00f3ximo martes 01 de septiembre se celebre por primera vez la \u201cJornada Mundial de Oraci\u00f3n por el cuidado de la Creaci\u00f3n\u201d<\/strong>, anima a todos los sacerdotes, di\u00e1conos permanentes, religiosas\/os, personas consagradas, fieles laicos de todas las comunidades parroquiales y a quienes lo deseen, a participar y programar oportunas y creativas iniciativas de reflexi\u00f3n y oraci\u00f3n, seg\u00fan las variadas realidades eclesiales locales.<span style=\"font-size: 12.1599998474121px; line-height: 1.3em\">\u00a0<\/span><\/div>\n<div>\u00a0<\/div>\n<div><span style=\"font-size: 12.1599998474121px; line-height: 1.3em\">A<\/span><span style=\"font-size: 12.1599998474121px; line-height: 15.8080005645752px\">provechando esta ocasi\u00f3n les comunicamos que el pr\u00f3ximo S\u00e1bado 12 de septiembre en la Sede diocesana de Pastoral en Reconquista, se realizara un Panel abierto para todo p\u00fablico, sobre la enc\u00edclica del Santo Padre LAUDATO SI, organizado por la Pastoral Social diocesana.\u00a0<\/span><\/div>\n<div>\u00a0<\/div>\n<div>Mons. Mac\u00edn recuerda que el sumo Pont\u00edfice nos llama y nos impulsa a un estilo particular: <strong>\u201cEn comuni\u00f3n de oraci\u00f3n con nuestros hermanos ortodoxos y con todas las personas de buena voluntad, queremos ofrecer nuestra contribuci\u00f3n para superar la crisis ecol\u00f3gica que se est\u00e1 viviendo\u201d.\u00a0<\/strong><\/div>\n<\/div>","protected":false},"author":1,"featured_media":0,"comment_status":"open","ping_status":"open","sticky":false,"template":"","format":"standard","meta":{"footnotes":""},"categories":[28],"tags":[],"class_list":["post-1121","post","type-post","status-publish","format-standard","hentry","category-latest-news"],"_links":{"self":[{"href":"https:\/\/www.obispadorqta.org.ar\/v3\/wp-json\/wp\/v2\/posts\/1121","targetHints":{"allow":["GET"]}}],"collection":[{"href":"https:\/\/www.obispadorqta.org.ar\/v3\/wp-json\/wp\/v2\/posts"}],"about":[{"href":"https:\/\/www.obispadorqta.org.ar\/v3\/wp-json\/wp\/v2\/types\/post"}],"author":[{"embeddable":true,"href":"https:\/\/www.obispadorqta.org.ar\/v3\/wp-json\/wp\/v2\/users\/1"}],"replies":[{"embeddable":true,"href":"https:\/\/www.obispadorqta.org.ar\/v3\/wp-json\/wp\/v2\/comments?post=1121"}],"version-history":[{"count":0,"href":"https:\/\/www.obispadorqta.org.ar\/v3\/wp-json\/wp\/v2\/posts\/1121\/revisions"}],"wp:attachment":[{"href":"https:\/\/www.obispadorqta.org.ar\/v3\/wp-json\/wp\/v2\/media?parent=1121"}],"wp:term":[{"taxonomy":"category","embeddable":true,"href":"https:\/\/www.obispadorqta.org.ar\/v3\/wp-json\/wp\/v2\/categories?post=1121"},{"taxonomy":"post_tag","embeddable":true,"href":"https:\/\/www.obispadorqta.org.ar\/v3\/wp-json\/wp\/v2\/tags?post=1121"}],"curies":[{"name":"wp","href":"https:\/\/api.w.org\/{rel}","templated":true}]}}