{"id":1124,"date":"2015-09-01T14:48:36","date_gmt":"2015-09-01T14:48:36","guid":{"rendered":"http:\/\/www.obispadorqta.org.ar\/v3\/mesbiblia\/"},"modified":"2015-09-01T14:48:36","modified_gmt":"2015-09-01T14:48:36","slug":"mesbiblia","status":"publish","type":"post","link":"https:\/\/www.obispadorqta.org.ar\/v3\/mesbiblia\/","title":{"rendered":"Septiembre: Mes de la Biblia"},"content":{"rendered":"<div style=\"text-align: center\"><img loading=\"lazy\" decoding=\"async\" src=\"https:\/\/scontent-gru1-1.xx.fbcdn.net\/hphotos-xaf1\/v\/t1.0-9\/11149358_852177841545375_9137508018720466707_n.jpg?oh=87043220493de7f6e41351c7f4e9b05e&#038;oe=566025E2\" border=\"0\" width=\"288\" height=\"400\" \/><\/div>\n<div>\u00a0<\/div>\n<div style=\"text-align: justify\">Estamos iniciando el mes de la Biblia con el prop\u00f3sito de generar acciones e iniciativas que tiendan a que La Palabra de Dios anime los diferentes \u00e1mbitos de nuestra acci\u00f3n pastoral.<\/div>\n<div style=\"text-align: justify\"><\/div>\n<div style=\"text-align: justify\">A continuaci\u00f3n adjuntamos un link con diferentes propuestas para celebrar este mes de La Biblia. El material es proporcionado por la Pastoral B\u00edblica de la CEA.<\/div>\n<div style=\"text-align: justify\">\u00a0<\/div>\n<div style=\"text-align: justify\">Clcik\u00a0<a href=\"http:\/\/pastoralbiblicacea.blogspot.com.ar\/2015\/08\/propuestas-para-celebrar-el-mes-de-la.html\">AQU\u00cd<\/a>\u00a0<\/div>\n","protected":false},"excerpt":{"rendered":"<div class=\"mh-excerpt\"><p>\u00a0 Estamos iniciando el mes de la Biblia con el prop\u00f3sito de generar acciones e iniciativas que tiendan a que La Palabra de Dios anime <a class=\"mh-excerpt-more\" href=\"https:\/\/www.obispadorqta.org.ar\/v3\/mesbiblia\/\" title=\"Septiembre: Mes de la Biblia\">[&#8230;]<\/a><\/p>\n<\/div>","protected":false},"author":1,"featured_media":0,"comment_status":"open","ping_status":"open","sticky":false,"template":"","format":"standard","meta":{"footnotes":""},"categories":[28],"tags":[],"class_list":["post-1124","post","type-post","status-publish","format-standard","hentry","category-latest-news"],"_links":{"self":[{"href":"https:\/\/www.obispadorqta.org.ar\/v3\/wp-json\/wp\/v2\/posts\/1124","targetHints":{"allow":["GET"]}}],"collection":[{"href":"https:\/\/www.obispadorqta.org.ar\/v3\/wp-json\/wp\/v2\/posts"}],"about":[{"href":"https:\/\/www.obispadorqta.org.ar\/v3\/wp-json\/wp\/v2\/types\/post"}],"author":[{"embeddable":true,"href":"https:\/\/www.obispadorqta.org.ar\/v3\/wp-json\/wp\/v2\/users\/1"}],"replies":[{"embeddable":true,"href":"https:\/\/www.obispadorqta.org.ar\/v3\/wp-json\/wp\/v2\/comments?post=1124"}],"version-history":[{"count":0,"href":"https:\/\/www.obispadorqta.org.ar\/v3\/wp-json\/wp\/v2\/posts\/1124\/revisions"}],"wp:attachment":[{"href":"https:\/\/www.obispadorqta.org.ar\/v3\/wp-json\/wp\/v2\/media?parent=1124"}],"wp:term":[{"taxonomy":"category","embeddable":true,"href":"https:\/\/www.obispadorqta.org.ar\/v3\/wp-json\/wp\/v2\/categories?post=1124"},{"taxonomy":"post_tag","embeddable":true,"href":"https:\/\/www.obispadorqta.org.ar\/v3\/wp-json\/wp\/v2\/tags?post=1124"}],"curies":[{"name":"wp","href":"https:\/\/api.w.org\/{rel}","templated":true}]}}