{"id":1130,"date":"2015-09-08T11:55:01","date_gmt":"2015-09-08T11:55:01","guid":{"rendered":"http:\/\/www.obispadorqta.org.ar\/v3\/solemnidadddd\/"},"modified":"2015-09-08T11:55:01","modified_gmt":"2015-09-08T11:55:01","slug":"solemnidadddd","status":"publish","type":"post","link":"https:\/\/www.obispadorqta.org.ar\/v3\/solemnidadddd\/","title":{"rendered":"SOLEMNIDAD DE LA DEDICACI\u00d3N DE LA CATEDRAL"},"content":{"rendered":"<div style=\"text-align: center\"><img loading=\"lazy\" decoding=\"async\" src=\"https:\/\/fbcdn-sphotos-f-a.akamaihd.net\/hphotos-ak-xtp1\/v\/t1.0-9\/12002306_855462527883573_9056354704872922774_n.jpg?oh=cd2f5d22d02b76f461c245d4622b6db3&#038;oe=566C8F52&#038;__gda__=1449310308_9b77c315b94f1a65a780bf1e6001fa5a\" border=\"0\" width=\"300\" height=\"400\" \/><\/div>\n<div>\u00a0<\/div>\n<div>Invitamos a todos a la celebraci\u00f3n Eucar\u00edstica del mi\u00e9rcoles 9, a las 19,15 hs., en la cual se recordar\u00e1 la Dedicaci\u00f3n de nuestra Iglesia Catedral.<\/div>\n<div>\u00a0<\/div>\n<div>La misa estar\u00e1 presidida por el Obispo Diocesano, Mons. \u00c1ngel Jos\u00e9 Mac\u00edn y ser\u00e1 concelebrada por gran parte del presbiterio y de los di\u00e1conos.<\/div>\n<div>\u00a0<\/div>\n<div>En la misma, se rezar\u00e1 de un modo especial por la comuni\u00f3n diocesana, plataforma fundamental para la misi\u00f3n y para la configuraci\u00f3n de una Iglesia en salida.<\/div>\n<div>\u00a0<\/div>\n","protected":false},"excerpt":{"rendered":"<div class=\"mh-excerpt\"><p>\u00a0 Invitamos a todos a la celebraci\u00f3n Eucar\u00edstica del mi\u00e9rcoles 9, a las 19,15 hs., en la cual se recordar\u00e1 la Dedicaci\u00f3n de nuestra Iglesia <a class=\"mh-excerpt-more\" href=\"https:\/\/www.obispadorqta.org.ar\/v3\/solemnidadddd\/\" title=\"SOLEMNIDAD DE LA DEDICACI\u00d3N DE LA CATEDRAL\">[&#8230;]<\/a><\/p>\n<\/div>","protected":false},"author":1,"featured_media":0,"comment_status":"open","ping_status":"open","sticky":false,"template":"","format":"standard","meta":{"footnotes":""},"categories":[28],"tags":[],"class_list":["post-1130","post","type-post","status-publish","format-standard","hentry","category-latest-news"],"_links":{"self":[{"href":"https:\/\/www.obispadorqta.org.ar\/v3\/wp-json\/wp\/v2\/posts\/1130","targetHints":{"allow":["GET"]}}],"collection":[{"href":"https:\/\/www.obispadorqta.org.ar\/v3\/wp-json\/wp\/v2\/posts"}],"about":[{"href":"https:\/\/www.obispadorqta.org.ar\/v3\/wp-json\/wp\/v2\/types\/post"}],"author":[{"embeddable":true,"href":"https:\/\/www.obispadorqta.org.ar\/v3\/wp-json\/wp\/v2\/users\/1"}],"replies":[{"embeddable":true,"href":"https:\/\/www.obispadorqta.org.ar\/v3\/wp-json\/wp\/v2\/comments?post=1130"}],"version-history":[{"count":0,"href":"https:\/\/www.obispadorqta.org.ar\/v3\/wp-json\/wp\/v2\/posts\/1130\/revisions"}],"wp:attachment":[{"href":"https:\/\/www.obispadorqta.org.ar\/v3\/wp-json\/wp\/v2\/media?parent=1130"}],"wp:term":[{"taxonomy":"category","embeddable":true,"href":"https:\/\/www.obispadorqta.org.ar\/v3\/wp-json\/wp\/v2\/categories?post=1130"},{"taxonomy":"post_tag","embeddable":true,"href":"https:\/\/www.obispadorqta.org.ar\/v3\/wp-json\/wp\/v2\/tags?post=1130"}],"curies":[{"name":"wp","href":"https:\/\/api.w.org\/{rel}","templated":true}]}}