{"id":1132,"date":"2015-09-11T14:26:21","date_gmt":"2015-09-11T14:26:21","guid":{"rendered":"http:\/\/www.obispadorqta.org.ar\/v3\/parrrrrocos\/"},"modified":"2015-09-11T14:26:21","modified_gmt":"2015-09-11T14:26:21","slug":"parrrrrocos","status":"publish","type":"post","link":"https:\/\/www.obispadorqta.org.ar\/v3\/parrrrrocos\/","title":{"rendered":"Nuevos P\u00e1rrocos."},"content":{"rendered":"<div style=\"text-align: center\"><img loading=\"lazy\" decoding=\"async\" src=\"https:\/\/fbcdn-sphotos-c-a.akamaihd.net\/hphotos-ak-xaf1\/v\/t1.0-9\/12011201_856995261063633_4361845329314162460_n.jpg?oh=4c0b4c3293c1e84c7a6e0a394393c922&#038;oe=56A704AC&#038;__gda__=1449682461_afe7860cdd32d30ed0d1fa92d0eab1d7\" border=\"0\" width=\"194\" height=\"250\" \/><img loading=\"lazy\" decoding=\"async\" src=\"https:\/\/scontent-gru1-1.xx.fbcdn.net\/hphotos-xtp1\/v\/t1.0-9\/11224685_856995257730300_1588827065804068953_n.jpg?oh=01e5fefe5c89d0da2e42a8dc9a31b6e6&#038;oe=56718A58\" border=\"0\" width=\"181\" height=\"250\" \/><\/div>\n<div style=\"text-align: center\">\u00a0<\/div>\n<div style=\"text-align: justify\"><span style=\"font-size: 12.16px; line-height: 1.3em\">Invitamos a toda la comunidad a las Celebraciones Eucar\u00edsticas que tendr\u00e1n lugar este d\u00eda Domingo 13 de septiembre donde asumir\u00e1n como p\u00e1rrocos de las parroquias \u00abNuestra Se\u00f1ora del Rosario\u00bb de Lanteri y \u00abMar\u00eda Madre de Dios\u00bb de Reconquista, los Pbros. Sergio Fabi\u00e1n Vicent\u00edn y N\u00e9stor Fabi\u00e1n Monz\u00f3n. Dichas celebraciones ser\u00e1n presididas por el Obispo Diocesano Mons. \u00c1ngel Jos\u00e9 Mac\u00edn.<\/span><\/div>\n<div style=\"text-align: justify\">\u00a0<\/div>\n<div style=\"text-align: justify\">En primer lugar asumir\u00e1 a su nuevo oficio de P\u00e1rroco de la parroquia \u00abNuestra Se\u00f1ora del Rosario\u00bb de la localidad de Lanteri, el Pbro. Sergio Fabi\u00e1n Vicent\u00edn, cuya celebraci\u00f3n se realizara a las 10 hs de este domingo 13 de septiembre.<\/div>\n<div style=\"text-align: justify\">Luego, a las 19:30 hs. har\u00e1 lo propio el Pbro. N\u00e9stor Fabi\u00e1n Monz\u00f3n, que asumir\u00e1 como p\u00e1rroco de la parroquia \u00abMar\u00eda Madre de Dios\u00bb de la ciudad de Reconquista.<\/div>\n<div style=\"text-align: justify\">\u00a0<\/div>\n<div style=\"text-align: justify\">Agradecemos sus oraciones y el acompa\u00f1amiento de los nuevos P\u00e1rrocos en esta nueva misi\u00f3n que se les encomienda.<\/div>\n<div>\u00a0<\/div>\n<div>\u00a0<\/div>\n","protected":false},"excerpt":{"rendered":"<div class=\"mh-excerpt\"><p>\u00a0 Invitamos a toda la comunidad a las Celebraciones Eucar\u00edsticas que tendr\u00e1n lugar este d\u00eda Domingo 13 de septiembre donde asumir\u00e1n como p\u00e1rrocos de las <a class=\"mh-excerpt-more\" href=\"https:\/\/www.obispadorqta.org.ar\/v3\/parrrrrocos\/\" title=\"Nuevos P\u00e1rrocos.\">[&#8230;]<\/a><\/p>\n<\/div>","protected":false},"author":1,"featured_media":0,"comment_status":"open","ping_status":"open","sticky":false,"template":"","format":"standard","meta":{"footnotes":""},"categories":[28],"tags":[],"class_list":["post-1132","post","type-post","status-publish","format-standard","hentry","category-latest-news"],"_links":{"self":[{"href":"https:\/\/www.obispadorqta.org.ar\/v3\/wp-json\/wp\/v2\/posts\/1132","targetHints":{"allow":["GET"]}}],"collection":[{"href":"https:\/\/www.obispadorqta.org.ar\/v3\/wp-json\/wp\/v2\/posts"}],"about":[{"href":"https:\/\/www.obispadorqta.org.ar\/v3\/wp-json\/wp\/v2\/types\/post"}],"author":[{"embeddable":true,"href":"https:\/\/www.obispadorqta.org.ar\/v3\/wp-json\/wp\/v2\/users\/1"}],"replies":[{"embeddable":true,"href":"https:\/\/www.obispadorqta.org.ar\/v3\/wp-json\/wp\/v2\/comments?post=1132"}],"version-history":[{"count":0,"href":"https:\/\/www.obispadorqta.org.ar\/v3\/wp-json\/wp\/v2\/posts\/1132\/revisions"}],"wp:attachment":[{"href":"https:\/\/www.obispadorqta.org.ar\/v3\/wp-json\/wp\/v2\/media?parent=1132"}],"wp:term":[{"taxonomy":"category","embeddable":true,"href":"https:\/\/www.obispadorqta.org.ar\/v3\/wp-json\/wp\/v2\/categories?post=1132"},{"taxonomy":"post_tag","embeddable":true,"href":"https:\/\/www.obispadorqta.org.ar\/v3\/wp-json\/wp\/v2\/tags?post=1132"}],"curies":[{"name":"wp","href":"https:\/\/api.w.org\/{rel}","templated":true}]}}