{"id":11330,"date":"2025-07-15T10:00:00","date_gmt":"2025-07-15T13:00:00","guid":{"rendered":"https:\/\/www.obispadorqta.org.ar\/v3\/?p=11330"},"modified":"2025-07-15T10:35:30","modified_gmt":"2025-07-15T13:35:30","slug":"nuevos-nombramientos","status":"publish","type":"post","link":"https:\/\/www.obispadorqta.org.ar\/v3\/nuevos-nombramientos\/","title":{"rendered":"Nuevos Nombramientos"},"content":{"rendered":"<p style=\"text-align: justify;\">Despu\u00e9s de meses de discernimiento compartido, de di\u00e1logos con los sacerdotes, di\u00e1conos y otros miembros del Pueblo de Dios, y con el objeto de organizar mejor el servicio sacerdotal y diaconal de las comunidades parroquiales, en pleno uso de mis facultades episcopales, he decidido los siguientes cambios y nombramientos:<\/p>\n<ul style=\"text-align: justify;\">\n<li>\n<h5>Pbro. Rolando Danilo Gonz\u00e1lez, P\u00e1rroco de la Parroquia San Roque, Reconquista y Ec\u00f3nomo Diocesano.<\/h5>\n<\/li>\n<li>\n<h5>Pbro. Germ\u00e1n Ernesto Vallejos, P\u00e1rroco de la Parroquia Inmaculada Concepci\u00f3n de Villa Ocampo.<\/h5>\n<\/li>\n<li>\n<h5>Pbro. Javier Ubaldo Pividori, P\u00e1rroco de la Parroquia Ntra. Sra. de Itat\u00ed de Fort\u00edn Olmos.<\/h5>\n<\/li>\n<li>\n<h5>Pbro. Diego Luciano Carneiro, P\u00e1rroco de la Parroquia San Luis Gonzaga de Calchaqu\u00ed.<\/h5>\n<\/li>\n<li>\n<h5>Pbro. Gast\u00f3n Adri\u00e1n Sancho, P\u00e1rroco de la Parroquia Sagrado Coraz\u00f3n de Jes\u00fas de La Gallareta y Vicario Parroquial de Vera.<\/h5>\n<\/li>\n<li>\n<h5>Pbro. Guillermo Nicol\u00e1s Ben\u00edtez, Vicario Parroquial de la Parroquia Ntra. Sra. de la Merced de Avellaneda y Vicario Judicial Adjunto.<\/h5>\n<\/li>\n<li>\n<h5>Pbro. Federico Muchiut, Vicario Parroquial de la Parroquia Inmaculada Concepci\u00f3n de Villa Ocampo.<\/h5>\n<\/li>\n<li>\n<h5>Pbro. N\u00e9stor Fabi\u00e1n Mart\u00ednez, Parroquia San Luis Gonzaga de Calchaqu\u00ed.<\/h5>\n<\/li>\n<li>\n<h5>Diac. Permanente Aldo Rub\u00e9n Bais, Colaborador de la Parroquia Ntra. Sra. de Guadalupe de Intiyaco.<\/h5>\n<\/li>\n<li>\n<h5>Diac. Permanente Jorge Osvaldo Rosatti, Colaborador Parroquia Sagrado Coraz\u00f3n de Jes\u00fas de La Gallareta.<\/h5>\n<\/li>\n<\/ul>\n<p style=\"text-align: justify;\">Algunas nuevas asesor\u00edas ser\u00e1n comunicadas a la comunidad diocesana en estas pr\u00f3ximas semanas.<\/p>\n<p style=\"text-align: justify;\">Invito al Pueblo de Dios que peregrina en estas tierras a orar para que podamos crecer en el desprendimiento y el servicio en nuestra Iglesia Particular.<\/p>\n<p><strong>Sede Episcopal de Reconquista, 15 de julio del A\u00f1o Jubilar 2025<\/strong><\/p>\n<p style=\"text-align: right;\">Mons. Dr. \u00c1ngel Jos\u00e9 Mac\u00edn<\/p>\n<p style=\"text-align: right;\">Obispo de Reconquista<\/p>\n","protected":false},"excerpt":{"rendered":"<div class=\"mh-excerpt\"><p>Despu\u00e9s de meses de discernimiento compartido, de di\u00e1logos con los sacerdotes, di\u00e1conos y otros miembros del Pueblo de Dios, y con el objeto de organizar <a class=\"mh-excerpt-more\" href=\"https:\/\/www.obispadorqta.org.ar\/v3\/nuevos-nombramientos\/\" title=\"Nuevos Nombramientos\">[&#8230;]<\/a><\/p>\n<\/div>","protected":false},"author":5,"featured_media":9544,"comment_status":"closed","ping_status":"open","sticky":false,"template":"","format":"standard","meta":{"footnotes":""},"categories":[6,28],"tags":[],"class_list":["post-11330","post","type-post","status-publish","format-standard","has-post-thumbnail","hentry","category-news","category-latest-news"],"_links":{"self":[{"href":"https:\/\/www.obispadorqta.org.ar\/v3\/wp-json\/wp\/v2\/posts\/11330","targetHints":{"allow":["GET"]}}],"collection":[{"href":"https:\/\/www.obispadorqta.org.ar\/v3\/wp-json\/wp\/v2\/posts"}],"about":[{"href":"https:\/\/www.obispadorqta.org.ar\/v3\/wp-json\/wp\/v2\/types\/post"}],"author":[{"embeddable":true,"href":"https:\/\/www.obispadorqta.org.ar\/v3\/wp-json\/wp\/v2\/users\/5"}],"replies":[{"embeddable":true,"href":"https:\/\/www.obispadorqta.org.ar\/v3\/wp-json\/wp\/v2\/comments?post=11330"}],"version-history":[{"count":4,"href":"https:\/\/www.obispadorqta.org.ar\/v3\/wp-json\/wp\/v2\/posts\/11330\/revisions"}],"predecessor-version":[{"id":11334,"href":"https:\/\/www.obispadorqta.org.ar\/v3\/wp-json\/wp\/v2\/posts\/11330\/revisions\/11334"}],"wp:featuredmedia":[{"embeddable":true,"href":"https:\/\/www.obispadorqta.org.ar\/v3\/wp-json\/wp\/v2\/media\/9544"}],"wp:attachment":[{"href":"https:\/\/www.obispadorqta.org.ar\/v3\/wp-json\/wp\/v2\/media?parent=11330"}],"wp:term":[{"taxonomy":"category","embeddable":true,"href":"https:\/\/www.obispadorqta.org.ar\/v3\/wp-json\/wp\/v2\/categories?post=11330"},{"taxonomy":"post_tag","embeddable":true,"href":"https:\/\/www.obispadorqta.org.ar\/v3\/wp-json\/wp\/v2\/tags?post=11330"}],"curies":[{"name":"wp","href":"https:\/\/api.w.org\/{rel}","templated":true}]}}