{"id":11335,"date":"2025-07-17T10:18:37","date_gmt":"2025-07-17T13:18:37","guid":{"rendered":"https:\/\/www.obispadorqta.org.ar\/v3\/?p=11335"},"modified":"2025-07-17T10:18:37","modified_gmt":"2025-07-17T13:18:37","slug":"retiro-candidatos-al-diaconado-permanente","status":"publish","type":"post","link":"https:\/\/www.obispadorqta.org.ar\/v3\/retiro-candidatos-al-diaconado-permanente\/","title":{"rendered":"Retiro candidatos al Diaconado Permanente"},"content":{"rendered":"<p style=\"text-align: justify;\">Desde este viernes 18 al domingo 19 de julio, en la casa de retiros \u00abNuestra Se\u00f1ora de Itat\u00ed\u00bb de la ciudad de Avellaneda, se estar\u00e1 llevando a cabo un retiro con los candidatos al Diaconado Permanente de nuestra di\u00f3cesis de Reconquista.<\/p>\n<p style=\"text-align: justify;\">El mismo ser\u00e1 acompa\u00f1ado por el obispo diocesano, Mons. Dr. \u00c1ngel Jos\u00e9 Mac\u00edn, continuando con el camino de discernimiento y formaci\u00f3n para este ministerio.<\/p>\n<p style=\"text-align: justify;\">Recordamos que el diaconado permanente es un llamado, una vocaci\u00f3n. La palabra di\u00e1cono literalmente significa \u201cservidor\u201d, siguiendo el ejemplo de nuestro maestro Jesucristo que vino no para ser servido sino a servir.<\/p>\n<p style=\"text-align: justify;\">El diaconado permanente se restaur\u00f3 durante el Concilio Vaticano II, en la enc\u00edclica Lumen Gentium, la cual dice: \u201c<em>En su esfuerzo por actualizar la vida de la Iglesia, el Concilio Vaticano II permite que el diaconado sea restaurado como grado propio y permanente dentro de la jerarqu\u00eda. El diaconado permanente le otorga la oportunidad a los hombres casados, y tambi\u00e9n a los j\u00f3venes solteros id\u00f3neos para este sacramento, pero estos \u00faltimos deben mantenerse en la ley del celibato<\/em>\u201d.<\/p>\n<p style=\"text-align: justify;\">Acompa\u00f1amos con nuestras oraciones por qui\u00e9nes est\u00e1n en este proceso de discernimiento personal y por los frutos de este encuentro.<\/p>\n","protected":false},"excerpt":{"rendered":"<div class=\"mh-excerpt\"><p>Desde este viernes 18 al domingo 19 de julio, en la casa de retiros \u00abNuestra Se\u00f1ora de Itat\u00ed\u00bb de la ciudad de Avellaneda, se estar\u00e1 <a class=\"mh-excerpt-more\" href=\"https:\/\/www.obispadorqta.org.ar\/v3\/retiro-candidatos-al-diaconado-permanente\/\" title=\"Retiro candidatos al Diaconado Permanente\">[&#8230;]<\/a><\/p>\n<\/div>","protected":false},"author":5,"featured_media":11336,"comment_status":"closed","ping_status":"open","sticky":false,"template":"","format":"standard","meta":{"footnotes":""},"categories":[6,28],"tags":[],"class_list":["post-11335","post","type-post","status-publish","format-standard","has-post-thumbnail","hentry","category-news","category-latest-news"],"_links":{"self":[{"href":"https:\/\/www.obispadorqta.org.ar\/v3\/wp-json\/wp\/v2\/posts\/11335","targetHints":{"allow":["GET"]}}],"collection":[{"href":"https:\/\/www.obispadorqta.org.ar\/v3\/wp-json\/wp\/v2\/posts"}],"about":[{"href":"https:\/\/www.obispadorqta.org.ar\/v3\/wp-json\/wp\/v2\/types\/post"}],"author":[{"embeddable":true,"href":"https:\/\/www.obispadorqta.org.ar\/v3\/wp-json\/wp\/v2\/users\/5"}],"replies":[{"embeddable":true,"href":"https:\/\/www.obispadorqta.org.ar\/v3\/wp-json\/wp\/v2\/comments?post=11335"}],"version-history":[{"count":1,"href":"https:\/\/www.obispadorqta.org.ar\/v3\/wp-json\/wp\/v2\/posts\/11335\/revisions"}],"predecessor-version":[{"id":11337,"href":"https:\/\/www.obispadorqta.org.ar\/v3\/wp-json\/wp\/v2\/posts\/11335\/revisions\/11337"}],"wp:featuredmedia":[{"embeddable":true,"href":"https:\/\/www.obispadorqta.org.ar\/v3\/wp-json\/wp\/v2\/media\/11336"}],"wp:attachment":[{"href":"https:\/\/www.obispadorqta.org.ar\/v3\/wp-json\/wp\/v2\/media?parent=11335"}],"wp:term":[{"taxonomy":"category","embeddable":true,"href":"https:\/\/www.obispadorqta.org.ar\/v3\/wp-json\/wp\/v2\/categories?post=11335"},{"taxonomy":"post_tag","embeddable":true,"href":"https:\/\/www.obispadorqta.org.ar\/v3\/wp-json\/wp\/v2\/tags?post=11335"}],"curies":[{"name":"wp","href":"https:\/\/api.w.org\/{rel}","templated":true}]}}