{"id":11338,"date":"2025-07-21T10:34:58","date_gmt":"2025-07-21T13:34:58","guid":{"rendered":"https:\/\/www.obispadorqta.org.ar\/v3\/?p=11338"},"modified":"2025-07-21T10:48:10","modified_gmt":"2025-07-21T13:48:10","slug":"encuentro-diocesano-jubileo-de-liturgia","status":"publish","type":"post","link":"https:\/\/www.obispadorqta.org.ar\/v3\/encuentro-diocesano-jubileo-de-liturgia\/","title":{"rendered":"Encuentro Diocesano &#8211; Jubileo de Liturgia"},"content":{"rendered":"<p style=\"text-align: center;\"><strong><em>\u201c\u00a1Cu\u00e1nto he deseado comer esta Pascua con ustedes!\u201d (Lc 22,15)<\/em><\/strong><\/p>\n<p style=\"text-align: justify;\">Con alegr\u00eda, el Equipo Diocesano de Liturgia extiende la invitaci\u00f3n a participar del Encuentro Diocesano en el marco del Jubileo 2025, que se llevar\u00e1 a cabo el s\u00e1bado 26 de julio, de 9:00 a 16:00 hs, en la sede diocesana de Pastoral, en la ciudad de Reconquista.<\/p>\n<p style=\"text-align: justify;\">Atendiendo al deseo de nuestro Obispo, queremos reunirnos como hermanos provenientes de todas las parroquias de nuestra di\u00f3cesis, en un encuentro fraterno en torno a la Liturgia Cristiana: <em>\u201cLa existencia de la Iglesia vive de la correcta celebraci\u00f3n de la liturgia.\u201d \u00abLa liturgia es el camino que el Se\u00f1or ha escogido para vivir en comuni\u00f3n\u00bb <\/em>(Benedicto XVI).<\/p>\n<p style=\"text-align: justify;\">Durante la jornada, contaremos con la presencia del Pbro. Rodrigo Spagna, quien nos compartir\u00e1 una reflexi\u00f3n sobre el tema: \u201cLa belleza de la Liturgia Cristiana\u201d.<br \/>El Padre Spagna es p\u00e1rroco de la Parroquia \u201cSan Jorge\u201d de la ciudad de San Jorge, Maestro de Celebraciones Lit\u00fargicas de la Arquidi\u00f3cesis de Santa Fe y Asesor de la Junta Arquidiocesana de Liturgia.<\/p>\n<p style=\"text-align: justify;\">Finalizaremos el encuentro con la celebraci\u00f3n de la Santa Misa, presidida por el Obispo diocesano, Mons. \u00c1ngel Jos\u00e9 Mac\u00edn.<\/p>\n<p>\u00a1Los esperamos con alegr\u00eda para vivir juntos esta jornada de fe y comuni\u00f3n!<\/p>\n<p style=\"text-align: right;\">Equipo Diocesano de Liturgia<br \/>Di\u00f3cesis de Reconquista<\/p>\n\n\n\n\n<p><\/p>\n","protected":false},"excerpt":{"rendered":"<div class=\"mh-excerpt\"><p>\u201c\u00a1Cu\u00e1nto he deseado comer esta Pascua con ustedes!\u201d (Lc 22,15) Con alegr\u00eda, el Equipo Diocesano de Liturgia extiende la invitaci\u00f3n a participar del Encuentro Diocesano <a class=\"mh-excerpt-more\" href=\"https:\/\/www.obispadorqta.org.ar\/v3\/encuentro-diocesano-jubileo-de-liturgia\/\" title=\"Encuentro Diocesano &#8211; Jubileo de Liturgia\">[&#8230;]<\/a><\/p>\n<\/div>","protected":false},"author":3,"featured_media":11347,"comment_status":"closed","ping_status":"open","sticky":false,"template":"","format":"standard","meta":{"footnotes":""},"categories":[6,28],"tags":[],"class_list":["post-11338","post","type-post","status-publish","format-standard","has-post-thumbnail","hentry","category-news","category-latest-news"],"_links":{"self":[{"href":"https:\/\/www.obispadorqta.org.ar\/v3\/wp-json\/wp\/v2\/posts\/11338","targetHints":{"allow":["GET"]}}],"collection":[{"href":"https:\/\/www.obispadorqta.org.ar\/v3\/wp-json\/wp\/v2\/posts"}],"about":[{"href":"https:\/\/www.obispadorqta.org.ar\/v3\/wp-json\/wp\/v2\/types\/post"}],"author":[{"embeddable":true,"href":"https:\/\/www.obispadorqta.org.ar\/v3\/wp-json\/wp\/v2\/users\/3"}],"replies":[{"embeddable":true,"href":"https:\/\/www.obispadorqta.org.ar\/v3\/wp-json\/wp\/v2\/comments?post=11338"}],"version-history":[{"count":2,"href":"https:\/\/www.obispadorqta.org.ar\/v3\/wp-json\/wp\/v2\/posts\/11338\/revisions"}],"predecessor-version":[{"id":11342,"href":"https:\/\/www.obispadorqta.org.ar\/v3\/wp-json\/wp\/v2\/posts\/11338\/revisions\/11342"}],"wp:featuredmedia":[{"embeddable":true,"href":"https:\/\/www.obispadorqta.org.ar\/v3\/wp-json\/wp\/v2\/media\/11347"}],"wp:attachment":[{"href":"https:\/\/www.obispadorqta.org.ar\/v3\/wp-json\/wp\/v2\/media?parent=11338"}],"wp:term":[{"taxonomy":"category","embeddable":true,"href":"https:\/\/www.obispadorqta.org.ar\/v3\/wp-json\/wp\/v2\/categories?post=11338"},{"taxonomy":"post_tag","embeddable":true,"href":"https:\/\/www.obispadorqta.org.ar\/v3\/wp-json\/wp\/v2\/tags?post=11338"}],"curies":[{"name":"wp","href":"https:\/\/api.w.org\/{rel}","templated":true}]}}