{"id":1134,"date":"2015-09-14T14:24:01","date_gmt":"2015-09-14T14:24:01","guid":{"rendered":"http:\/\/www.obispadorqta.org.ar\/v3\/giancarloooo\/"},"modified":"2015-09-14T14:24:01","modified_gmt":"2015-09-14T14:24:01","slug":"giancarloooo","status":"publish","type":"post","link":"https:\/\/www.obispadorqta.org.ar\/v3\/giancarloooo\/","title":{"rendered":"SALUD DEL P. GIANCARLO MAISTRELLO"},"content":{"rendered":"<div style=\"text-align: center\"><img loading=\"lazy\" decoding=\"async\" src=\"https:\/\/fbcdn-sphotos-b-a.akamaihd.net\/hphotos-ak-xfp1\/v\/t1.0-9\/11988553_859424317487394_7726353486295207164_n.jpg?oh=900e00545ad8567aa10d960a7420ef4b&#038;oe=5661B9F5&#038;__gda__=1449728124_86c69a39ab0fafc0665e960094474c00\" border=\"0\" width=\"300\" height=\"400\" \/><\/div>\n<div>\u00a0<\/div>\n<div>Comunicamos que la recuperaci\u00f3n del P. Giancarlo se hace m\u00e1s lenta de lo esperado. A finales de semana tuvo una nueva intervenci\u00f3n en el lugar de la herida. Ahora se encuentra estable, de buen \u00e1nimo y esperando por otros estudios vinculados a su afecci\u00f3n en el f\u00e9mur. <\/div>\n<div>\u00a0<\/div>\n<div>Env\u00eda saludos para todos y ofrece su dolor por la Iglesia y, de un modo particular, por nuestra di\u00f3cesis. <\/div>\n<div>\u00a0<\/div>\n<div>Desde aqu\u00ed, le mandamos nuestro afecto y nuestra oraci\u00f3n.<\/div>\n","protected":false},"excerpt":{"rendered":"<div class=\"mh-excerpt\"><p>\u00a0 Comunicamos que la recuperaci\u00f3n del P. Giancarlo se hace m\u00e1s lenta de lo esperado. A finales de semana tuvo una nueva intervenci\u00f3n en el <a class=\"mh-excerpt-more\" href=\"https:\/\/www.obispadorqta.org.ar\/v3\/giancarloooo\/\" title=\"SALUD DEL P. GIANCARLO MAISTRELLO\">[&#8230;]<\/a><\/p>\n<\/div>","protected":false},"author":1,"featured_media":0,"comment_status":"open","ping_status":"open","sticky":false,"template":"","format":"standard","meta":{"footnotes":""},"categories":[28],"tags":[],"class_list":["post-1134","post","type-post","status-publish","format-standard","hentry","category-latest-news"],"_links":{"self":[{"href":"https:\/\/www.obispadorqta.org.ar\/v3\/wp-json\/wp\/v2\/posts\/1134","targetHints":{"allow":["GET"]}}],"collection":[{"href":"https:\/\/www.obispadorqta.org.ar\/v3\/wp-json\/wp\/v2\/posts"}],"about":[{"href":"https:\/\/www.obispadorqta.org.ar\/v3\/wp-json\/wp\/v2\/types\/post"}],"author":[{"embeddable":true,"href":"https:\/\/www.obispadorqta.org.ar\/v3\/wp-json\/wp\/v2\/users\/1"}],"replies":[{"embeddable":true,"href":"https:\/\/www.obispadorqta.org.ar\/v3\/wp-json\/wp\/v2\/comments?post=1134"}],"version-history":[{"count":0,"href":"https:\/\/www.obispadorqta.org.ar\/v3\/wp-json\/wp\/v2\/posts\/1134\/revisions"}],"wp:attachment":[{"href":"https:\/\/www.obispadorqta.org.ar\/v3\/wp-json\/wp\/v2\/media?parent=1134"}],"wp:term":[{"taxonomy":"category","embeddable":true,"href":"https:\/\/www.obispadorqta.org.ar\/v3\/wp-json\/wp\/v2\/categories?post=1134"},{"taxonomy":"post_tag","embeddable":true,"href":"https:\/\/www.obispadorqta.org.ar\/v3\/wp-json\/wp\/v2\/tags?post=1134"}],"curies":[{"name":"wp","href":"https:\/\/api.w.org\/{rel}","templated":true}]}}