{"id":1135,"date":"2015-09-16T12:03:20","date_gmt":"2015-09-16T12:03:20","guid":{"rendered":"http:\/\/www.obispadorqta.org.ar\/v3\/xiv-encuentro-nacional-de-educadores-indigenas\/"},"modified":"2015-09-16T12:03:20","modified_gmt":"2015-09-16T12:03:20","slug":"xiv-encuentro-nacional-de-educadores-indigenas","status":"publish","type":"post","link":"https:\/\/www.obispadorqta.org.ar\/v3\/xiv-encuentro-nacional-de-educadores-indigenas\/","title":{"rendered":"XIV Encuentro Nacional de Educadores Ind\u00edgenas."},"content":{"rendered":"<p><!--[if gte mso 9]><xml>  <o:OfficeDocumentSettings>   <o:RelyOnVML\/>   <o:AllowPNG\/>  <\/o:OfficeDocumentSettings> <\/xml><![endif]-->  <\/p>\n<div style=\"font-family: Arial,Helvetica,sans-serif; font-size: 9px; text-align: center\"><img loading=\"lazy\" decoding=\"async\" src=\"https:\/\/scontent-gru1-1.xx.fbcdn.net\/hphotos-xta1\/v\/t1.0-9\/12032968_860438584052634_6230475585045071365_n.jpg?oh=9be4568a5765acef6c14104d762a1f81&#038;oe=566ACAE1\" border=\"0\" width=\"149\" height=\"203\" align=\"middle\" \/><img loading=\"lazy\" decoding=\"async\" src=\"https:\/\/fbcdn-photos-h-a.akamaihd.net\/hphotos-ak-xaf1\/v\/t1.0-0\/p206x206\/12006330_860436364052856_2038803396534976631_n.jpg?oh=255b9871bee886feed899cca0d621b34&#038;oe=56A8285F&#038;__gda__=1452939704_c026af404de87a85b168810bb70f5dd6\" border=\"0\" width=\"177\" height=\"200\" align=\"middle\" \/><\/div>\n<p style=\"text-align: justify; text-indent: 1cm\" class=\"MsoNormal\"><font color=\"#000000\"><span style=\"font-family: Arial,Helvetica,sans-serif; font-size: 10pt; font-style: normal; line-height: normal\">El Obispado de Reconquista y el Equipo Diocesano de Pastoral Aborigen informan a toda la comunidad que este fin de semana, 18,19 y 20 de septiembre, se realizar\u00e1 en el Cecabs, La Lola, el <strong>XIV Encuentro Nacional de Educadores Ind\u00edgenas<\/strong>.<\/span><\/font><\/p>\n<p style=\"font-family: Arial,Helvetica,sans-serif; font-size: 10px; font-style: normal; line-height: normal; text-align: justify; text-indent: 35.45pt\" class=\"MsoNormal\"><font color=\"#000000\"><span style=\"font-family: Arial,Helvetica,sans-serif; font-size: 10pt; font-style: normal; line-height: normal\">Se llevar\u00e1n a cabo distintos talleres de formaci\u00f3n e intercambio de experiencias entre los pueblos originarios participantes.<\/span><\/font><\/p>\n<p style=\"text-align: justify; text-indent: 35.45pt\" class=\"MsoNormal\"><font color=\"#000000\"><span style=\"font-family: Arial,Helvetica,sans-serif; font-size: 10pt; font-style: normal; line-height: normal\">El d\u00eda viernes 18, a las 16 hs dar\u00e1 comienzo en un acto oficial donde participar\u00e1n los Equipos coordinadores Nacionales y locales junto con nuestro Obispo Diocesano.<\/span><\/font><\/p>\n<p style=\"text-align: justify; text-indent: 35.45pt\" class=\"MsoNormal\"><font color=\"#000000\"><span style=\"font-family: Arial,Helvetica,sans-serif; font-size: 10pt; font-style: normal; line-height: normal\">Agradecemos la difusi\u00f3n de este encuentro.<\/span><\/font>  <\/p>\n","protected":false},"excerpt":{"rendered":"<div class=\"mh-excerpt\"><p>El Obispado de Reconquista y el Equipo Diocesano de Pastoral Aborigen informan a toda la comunidad que este fin de semana, 18,19 y 20 de <a class=\"mh-excerpt-more\" href=\"https:\/\/www.obispadorqta.org.ar\/v3\/xiv-encuentro-nacional-de-educadores-indigenas\/\" title=\"XIV Encuentro Nacional de Educadores Ind\u00edgenas.\">[&#8230;]<\/a><\/p>\n<\/div>","protected":false},"author":1,"featured_media":0,"comment_status":"open","ping_status":"open","sticky":false,"template":"","format":"standard","meta":{"footnotes":""},"categories":[28],"tags":[],"class_list":["post-1135","post","type-post","status-publish","format-standard","hentry","category-latest-news"],"_links":{"self":[{"href":"https:\/\/www.obispadorqta.org.ar\/v3\/wp-json\/wp\/v2\/posts\/1135","targetHints":{"allow":["GET"]}}],"collection":[{"href":"https:\/\/www.obispadorqta.org.ar\/v3\/wp-json\/wp\/v2\/posts"}],"about":[{"href":"https:\/\/www.obispadorqta.org.ar\/v3\/wp-json\/wp\/v2\/types\/post"}],"author":[{"embeddable":true,"href":"https:\/\/www.obispadorqta.org.ar\/v3\/wp-json\/wp\/v2\/users\/1"}],"replies":[{"embeddable":true,"href":"https:\/\/www.obispadorqta.org.ar\/v3\/wp-json\/wp\/v2\/comments?post=1135"}],"version-history":[{"count":0,"href":"https:\/\/www.obispadorqta.org.ar\/v3\/wp-json\/wp\/v2\/posts\/1135\/revisions"}],"wp:attachment":[{"href":"https:\/\/www.obispadorqta.org.ar\/v3\/wp-json\/wp\/v2\/media?parent=1135"}],"wp:term":[{"taxonomy":"category","embeddable":true,"href":"https:\/\/www.obispadorqta.org.ar\/v3\/wp-json\/wp\/v2\/categories?post=1135"},{"taxonomy":"post_tag","embeddable":true,"href":"https:\/\/www.obispadorqta.org.ar\/v3\/wp-json\/wp\/v2\/tags?post=1135"}],"curies":[{"name":"wp","href":"https:\/\/api.w.org\/{rel}","templated":true}]}}