{"id":1136,"date":"2015-09-17T12:07:25","date_gmt":"2015-09-17T12:07:25","guid":{"rendered":"http:\/\/www.obispadorqta.org.ar\/v3\/peregrinacion-juvenil-del-nea-al-santuario-de-itati\/"},"modified":"2015-09-17T12:07:25","modified_gmt":"2015-09-17T12:07:25","slug":"peregrinacion-juvenil-del-nea-al-santuario-de-itati","status":"publish","type":"post","link":"https:\/\/www.obispadorqta.org.ar\/v3\/peregrinacion-juvenil-del-nea-al-santuario-de-itati\/","title":{"rendered":"Peregrinaci\u00f3n juvenil del NEA al santuario de Itat\u00ed"},"content":{"rendered":"<div align=\"justify\" style=\"font-family: Arial,Helvetica,sans-serif\">\n<div style=\"text-align: center\"><img loading=\"lazy\" decoding=\"async\" src=\"https:\/\/scontent-gru1-1.xx.fbcdn.net\/hphotos-xlp1\/v\/t1.0-9\/12019811_860861467343679_6793121830405810112_n.jpg?oh=e7edaddab7a3f05e2eb5fcd06d64b976&#038;oe=56AA7AE6\" border=\"0\" width=\"396\" height=\"264\" \/><\/div>\n<p><\/div>\n<div align=\"justify\" style=\"font-family: Arial,Helvetica,sans-serif\"><em>\u201cGuiados por Mar\u00eda, construyamos la paz\u201d,<\/em> ser\u00e1 el lema de la 36\u00aa Peregrinaci\u00f3n Juvenil del NEA a la bas\u00edlica de Itat\u00ed que se realizar\u00e1 este fin de semana y se espera sea multitudinaria, con la participaci\u00f3n de j\u00f3venes de las arquidi\u00f3cesis de Corrientes y Resistencia, y las di\u00f3cesis de Formosa, Goya, Ober\u00e1, Posadas, Puerto Iguaz\u00fa, Reconquista, San Roque de Presidencia Roque S\u00e1enz Pe\u00f1a y Santo Tom\u00e9. <\/div>\n<div align=\"justify\" style=\"font-family: Arial,Helvetica,sans-serif\">\u00a0<\/div>\n<div align=\"justify\" style=\"font-family: Arial,Helvetica,sans-serif\">El s\u00e1bado 19 de septiembre, a las 15, numerosos j\u00f3venes saldr\u00e1n desde la ciudad de Corrientes para recorrer los 72 kil\u00f3metros hasta la localidad de Itat\u00ed, donde el domingo a las 9 la misa central frente a la bas\u00edlica ser\u00e1 presidida por el obispo de Reconquista, monse\u00f1or Jos\u00e9 Mac\u00edn.<\/p>\n<p>En tanto, los peregrinos de las dem\u00e1s di\u00f3cesis saldr\u00e1n de acuerdo con el siguiente esquema de horarios: a las 12, Reconquista y San Roque; a las 12.30, Resistencia; a las 14, Santo Tom\u00e9; y a las 14.30, Formosa y Goya.<\/p>\n<p>La manifestaci\u00f3n de fe de este a\u00f1o se enmarca en los festejos por los 400 a\u00f1os de Itat\u00ed, por lo que se estima que participar\u00e1n unos 300.000 peregrinos, en su mayor\u00eda j\u00f3venes, de comunidades parroquiales de las diez di\u00f3cesis que conforman la regi\u00f3n.<\/p>\n<p>Los integrantes de la Pastoral Juvenil de la regi\u00f3n, elaboraron un material de preparaci\u00f3n espiritual, pensado para los grupos parroquiales, movimientos e instituciones que participar\u00e1n de esta peregrinaci\u00f3n y con el cual prepararon el coraz\u00f3n y predisponerse para vivir durante la caminata, un verdadero acontecimiento de gracia, de encuentro con Jes\u00fas y con la Tierna Madre de Itat\u00ed<\/p>\n<p>Durante la Eucarist\u00eda se difundir\u00e1 el tradicional manifiesto de los j\u00f3venes, en el que expresan no s\u00f3lo su mirada de la realidad, sino tambi\u00e9n sus necesidades, angustias y esperanzas; y en el que asumen compromisos para ser ciudadanos protagonistas de la vida de sus comunidades.<\/p>\n<p>Antes de culminar la misa, como es ya tradicional, se entregar\u00e1 a una di\u00f3cesis la imagen peregrina de la Virgen de Itat\u00ed, que cada a\u00f1o visita una de las diez di\u00f3cesis de la regi\u00f3n.<\/p><\/div>\n","protected":false},"excerpt":{"rendered":"<div class=\"mh-excerpt\"><div align=\"justify\" style=\"font-family: Arial,Helvetica,sans-serif\">\n<div style=\"text-align: center\"><img loading=\"lazy\" decoding=\"async\" src=\"https:\/\/scontent-gru1-1.xx.fbcdn.net\/hphotos-xlp1\/v\/t1.0-9\/12019811_860861467343679_6793121830405810112_n.jpg?oh=e7edaddab7a3f05e2eb5fcd06d64b976&#038;oe=56AA7AE6\" border=\"0\" width=\"396\" height=\"264\" \/><\/div>\n<p><\/div>\n<div align=\"justify\" style=\"font-family: Arial,Helvetica,sans-serif\"><em>\u201cGuiados por Mar\u00eda, construyamos la paz\u201d,<\/em> ser\u00e1 el lema de la 36\u00aa Peregrinaci\u00f3n Juvenil del NEA a la bas\u00edlica de Itat\u00ed que se realizar\u00e1 este fin de semana y se espera sea multitudinaria, con la participaci\u00f3n de j\u00f3venes de las arquidi\u00f3cesis de Corrientes y Resistencia, y las di\u00f3cesis de Formosa, Goya, Ober\u00e1, Posadas, Puerto Iguaz\u00fa, Reconquista, San Roque de Presidencia Roque S\u00e1enz Pe\u00f1a y Santo Tom\u00e9.<\/p>\n<\/div>","protected":false},"author":1,"featured_media":0,"comment_status":"open","ping_status":"open","sticky":false,"template":"","format":"standard","meta":{"footnotes":""},"categories":[28],"tags":[],"class_list":["post-1136","post","type-post","status-publish","format-standard","hentry","category-latest-news"],"_links":{"self":[{"href":"https:\/\/www.obispadorqta.org.ar\/v3\/wp-json\/wp\/v2\/posts\/1136","targetHints":{"allow":["GET"]}}],"collection":[{"href":"https:\/\/www.obispadorqta.org.ar\/v3\/wp-json\/wp\/v2\/posts"}],"about":[{"href":"https:\/\/www.obispadorqta.org.ar\/v3\/wp-json\/wp\/v2\/types\/post"}],"author":[{"embeddable":true,"href":"https:\/\/www.obispadorqta.org.ar\/v3\/wp-json\/wp\/v2\/users\/1"}],"replies":[{"embeddable":true,"href":"https:\/\/www.obispadorqta.org.ar\/v3\/wp-json\/wp\/v2\/comments?post=1136"}],"version-history":[{"count":0,"href":"https:\/\/www.obispadorqta.org.ar\/v3\/wp-json\/wp\/v2\/posts\/1136\/revisions"}],"wp:attachment":[{"href":"https:\/\/www.obispadorqta.org.ar\/v3\/wp-json\/wp\/v2\/media?parent=1136"}],"wp:term":[{"taxonomy":"category","embeddable":true,"href":"https:\/\/www.obispadorqta.org.ar\/v3\/wp-json\/wp\/v2\/categories?post=1136"},{"taxonomy":"post_tag","embeddable":true,"href":"https:\/\/www.obispadorqta.org.ar\/v3\/wp-json\/wp\/v2\/tags?post=1136"}],"curies":[{"name":"wp","href":"https:\/\/api.w.org\/{rel}","templated":true}]}}