{"id":11360,"date":"2025-07-22T09:40:17","date_gmt":"2025-07-22T12:40:17","guid":{"rendered":"https:\/\/www.obispadorqta.org.ar\/v3\/?p=11360"},"modified":"2025-07-22T09:40:42","modified_gmt":"2025-07-22T12:40:42","slug":"jubileo-de-los-jovenes","status":"publish","type":"post","link":"https:\/\/www.obispadorqta.org.ar\/v3\/jubileo-de-los-jovenes\/","title":{"rendered":"JUBILEO DE LOS JOVENES"},"content":{"rendered":"<p style=\"text-align: justify;\"><strong>La Pastoral de Juventud de la Di\u00f3cesis de Reconquista<\/strong>\u00a0invita a todos los j\u00f3venes al\u00a0<strong>Encuentro Jubilar de J\u00f3venes<\/strong>, que se realizar\u00e1 el pr\u00f3ximo\u00a0<strong>domingo 27 de julio de 2025<\/strong>, a partir de las\u00a0<strong>15:00 hs<\/strong>\u00a0en el\u00a0<strong>gimnasio del Colegio San Jos\u00e9<\/strong>\u00a0(Alvear esquina Belgrano, ciudad de Reconquista).<\/p>\n<p><img loading=\"lazy\" decoding=\"async\" class=\"aligncenter  wp-image-11361\" src=\"https:\/\/www.obispadorqta.org.ar\/v3\/wp-content\/uploads\/2025\/07\/523864268_3145787988910928_107857908024158994_n.jpg\" alt=\"\" width=\"224\" height=\"399\" srcset=\"https:\/\/www.obispadorqta.org.ar\/v3\/wp-content\/uploads\/2025\/07\/523864268_3145787988910928_107857908024158994_n.jpg 1080w, https:\/\/www.obispadorqta.org.ar\/v3\/wp-content\/uploads\/2025\/07\/523864268_3145787988910928_107857908024158994_n-169x300.jpg 169w, https:\/\/www.obispadorqta.org.ar\/v3\/wp-content\/uploads\/2025\/07\/523864268_3145787988910928_107857908024158994_n-576x1024.jpg 576w, https:\/\/www.obispadorqta.org.ar\/v3\/wp-content\/uploads\/2025\/07\/523864268_3145787988910928_107857908024158994_n-768x1365.jpg 768w, https:\/\/www.obispadorqta.org.ar\/v3\/wp-content\/uploads\/2025\/07\/523864268_3145787988910928_107857908024158994_n-864x1536.jpg 864w\" sizes=\"auto, (max-width: 224px) 100vw, 224px\" \/><\/p>\n<p style=\"text-align: justify;\">Transitando el segundo tramo del<strong>\u00a0A\u00f1o de la Esperanza<\/strong>, como Pastoral Juvenil seguimos sintiendo el llamado a <strong>caminar juntos<\/strong>, y este encuentro tiene como objetivo\u00a0<strong>c<em>ontinuar la misi\u00f3n de acercar a todos los j\u00f3venes a Cristo<\/em><\/strong><em>, con voces que\u00a0<strong>inspiran esperanza<\/strong>\u00a0y ayudan a\u00a0<strong>humanizar el mundo de hoy<\/strong>.<\/em><\/p>\n<p><img loading=\"lazy\" decoding=\"async\" class=\"aligncenter  wp-image-11362\" src=\"https:\/\/www.obispadorqta.org.ar\/v3\/wp-content\/uploads\/2025\/07\/523885370_3145788115577582_3951639604434817803_n.jpg\" alt=\"\" width=\"228\" height=\"405\" srcset=\"https:\/\/www.obispadorqta.org.ar\/v3\/wp-content\/uploads\/2025\/07\/523885370_3145788115577582_3951639604434817803_n.jpg 1080w, https:\/\/www.obispadorqta.org.ar\/v3\/wp-content\/uploads\/2025\/07\/523885370_3145788115577582_3951639604434817803_n-169x300.jpg 169w, https:\/\/www.obispadorqta.org.ar\/v3\/wp-content\/uploads\/2025\/07\/523885370_3145788115577582_3951639604434817803_n-576x1024.jpg 576w, https:\/\/www.obispadorqta.org.ar\/v3\/wp-content\/uploads\/2025\/07\/523885370_3145788115577582_3951639604434817803_n-768x1365.jpg 768w, https:\/\/www.obispadorqta.org.ar\/v3\/wp-content\/uploads\/2025\/07\/523885370_3145788115577582_3951639604434817803_n-864x1536.jpg 864w\" sizes=\"auto, (max-width: 228px) 100vw, 228px\" \/><\/p>\n<p style=\"text-align: justify;\">El\u00a0momento central\u00a0del Encuentro ser\u00e1 la celebraci\u00f3n de la\u00a0<strong>Santa Misa Jubilar<\/strong>, presidida por nuestro Obispo Mons. \u00c1ngel Jos\u00e9 Mac\u00edn, a las\u00a0<strong>19:30 hs en el Santuario Mariano, Iglesia Catedral de Reconquista<\/strong>.<\/p>\n<p style=\"text-align: justify;\">Con alegr\u00eda y gratitud,\u00a0los esperamos a todos los j\u00f3venes\u00a0que deseen participar. Que nuestros\u00a0gestos e iniciativas creativas anuncien y fortalezcan la fe, y nos hagan sentir Iglesia viva, donde \u00ab<em>todos somos corresponsables del encargo que Jes\u00fas nos hizo\u00bb<\/em><\/p>\n<div style=\"width: 478px;\" class=\"wp-video\"><video class=\"wp-video-shortcode\" id=\"video-11360-1\" width=\"478\" height=\"850\" preload=\"metadata\" controls=\"controls\"><source type=\"video\/mp4\" src=\"https:\/\/www.obispadorqta.org.ar\/v3\/wp-content\/uploads\/2025\/07\/VID-20250711-WA0010.mp4?_=1\" \/><a href=\"https:\/\/www.obispadorqta.org.ar\/v3\/wp-content\/uploads\/2025\/07\/VID-20250711-WA0010.mp4\">https:\/\/www.obispadorqta.org.ar\/v3\/wp-content\/uploads\/2025\/07\/VID-20250711-WA0010.mp4<\/a><\/video><\/div>\n<p style=\"text-align: right;\">Fraternalmente,\u00a0Equipo Diocesano de la Pastoral de Juventud\u00a0Contacto:\u00a0<a>pjuventud@gmail.com<\/a><\/p>\n","protected":false},"excerpt":{"rendered":"<div class=\"mh-excerpt\"><p>La Pastoral de Juventud de la Di\u00f3cesis de Reconquista\u00a0invita a todos los j\u00f3venes al\u00a0Encuentro Jubilar de J\u00f3venes, que se realizar\u00e1 el pr\u00f3ximo\u00a0domingo 27 de julio <a class=\"mh-excerpt-more\" href=\"https:\/\/www.obispadorqta.org.ar\/v3\/jubileo-de-los-jovenes\/\" title=\"JUBILEO DE LOS JOVENES\">[&#8230;]<\/a><\/p>\n<\/div>","protected":false},"author":3,"featured_media":11366,"comment_status":"closed","ping_status":"open","sticky":false,"template":"","format":"standard","meta":{"footnotes":""},"categories":[6,28],"tags":[],"class_list":["post-11360","post","type-post","status-publish","format-standard","has-post-thumbnail","hentry","category-news","category-latest-news"],"_links":{"self":[{"href":"https:\/\/www.obispadorqta.org.ar\/v3\/wp-json\/wp\/v2\/posts\/11360","targetHints":{"allow":["GET"]}}],"collection":[{"href":"https:\/\/www.obispadorqta.org.ar\/v3\/wp-json\/wp\/v2\/posts"}],"about":[{"href":"https:\/\/www.obispadorqta.org.ar\/v3\/wp-json\/wp\/v2\/types\/post"}],"author":[{"embeddable":true,"href":"https:\/\/www.obispadorqta.org.ar\/v3\/wp-json\/wp\/v2\/users\/3"}],"replies":[{"embeddable":true,"href":"https:\/\/www.obispadorqta.org.ar\/v3\/wp-json\/wp\/v2\/comments?post=11360"}],"version-history":[{"count":1,"href":"https:\/\/www.obispadorqta.org.ar\/v3\/wp-json\/wp\/v2\/posts\/11360\/revisions"}],"predecessor-version":[{"id":11365,"href":"https:\/\/www.obispadorqta.org.ar\/v3\/wp-json\/wp\/v2\/posts\/11360\/revisions\/11365"}],"wp:featuredmedia":[{"embeddable":true,"href":"https:\/\/www.obispadorqta.org.ar\/v3\/wp-json\/wp\/v2\/media\/11366"}],"wp:attachment":[{"href":"https:\/\/www.obispadorqta.org.ar\/v3\/wp-json\/wp\/v2\/media?parent=11360"}],"wp:term":[{"taxonomy":"category","embeddable":true,"href":"https:\/\/www.obispadorqta.org.ar\/v3\/wp-json\/wp\/v2\/categories?post=11360"},{"taxonomy":"post_tag","embeddable":true,"href":"https:\/\/www.obispadorqta.org.ar\/v3\/wp-json\/wp\/v2\/tags?post=11360"}],"curies":[{"name":"wp","href":"https:\/\/api.w.org\/{rel}","templated":true}]}}