{"id":1138,"date":"2015-09-23T11:09:30","date_gmt":"2015-09-23T11:09:30","guid":{"rendered":"http:\/\/www.obispadorqta.org.ar\/v3\/prensatrata\/"},"modified":"2015-09-23T11:09:30","modified_gmt":"2015-09-23T11:09:30","slug":"prensatrata","status":"publish","type":"post","link":"https:\/\/www.obispadorqta.org.ar\/v3\/prensatrata\/","title":{"rendered":"ADHESI\u00d3N AL D\u00cdA INTERNACIONAL DE LA LUCHA CONTRA LA TRATA DE PERSONAS 23 de Septiembre de 2015"},"content":{"rendered":"<div style=\"text-align: center\"><img loading=\"lazy\" decoding=\"async\" src=\"https:\/\/scontent-gru1-1.xx.fbcdn.net\/hphotos-xfp1\/v\/t1.0-9\/12033074_863656023730890_5673722989086054444_n.jpg?oh=ace5af43787790c0099407fba6801cd3&#038;oe=5692810C\" border=\"0\" width=\"400\" height=\"284\" \/><\/div>\n<div>\u00a0<\/div>\n<div dir=\"ltr\" style=\"text-align: justify\"><span><span style=\"white-space: pre\" class=\"Apple-tab-span\">\t<\/span>La Pastoral Social<\/span><span> de la Di\u00f3cesis, junto a los organismos que la componen, en especial la  Pastoral Penitenciaria y la Comisi\u00f3n de Justicia y Paz, dependientes del Obispado de Reconquista, adhieren al \u201c<strong>D\u00eda internacional de la lucha contra la trata de personas<\/strong>\u201d y expresan su honda preocupaci\u00f3n por los recientes hechos ocurridos en distintas localidades de nuestra zona, Vera, Reconquista, Villa Guillermina y otros lugares, vinculados a esta fen\u00f3meno y que son de p\u00fablico conocimiento.<\/span><\/div>\n<div dir=\"ltr\" style=\"text-align: justify\">\u00a0<\/div>\n<div dir=\"ltr\" style=\"text-align: justify\"><span style=\"white-space: pre\" class=\"Apple-tab-span\">\t<\/span>Nos solidarizamos con las personas afectadas por estos acontecimientos dolorosos y lamentables, al tiempo que no queremos ser c\u00f3mplices, con nuestro silencio, de la <strong style=\"font-family: Arial; line-height: 150%; text-align: justify; text-indent: 35.4pt; font-size: 12.16px\">gravedad institucional que los mismos revisten<\/strong>.<\/div>\n<div dir=\"ltr\" style=\"text-align: justify\">\u00a0<\/div>\n<div dir=\"ltr\" style=\"text-align: justify\">\t\t<span style=\"white-space: pre\" class=\"Apple-tab-span\">\t<\/span>El Papa Francisco nos dec\u00eda meses atr\u00e1s que \u201c<em style=\"line-height: 150%; text-align: justify; text-indent: 35.4pt; font-size: 12.16px; font-family: Arial\">se trata de un fen\u00f3meno global que excede la competencia de cualquier comunidad o pa\u00eds, y que para eliminarlo, necesitamos una movilizaci\u00f3n comparable en tama\u00f1o a lo del propio fen\u00f3meno<\/em>\u201d (Ciudad del Vaticano, 08\/02\/15). En esta movilizaci\u00f3n, sabemos que a nosotros nos toca ocuparnos de nuestras comunidades, cuidar de nuestros ni\u00f1os y j\u00f3venes. Por eso, nos comprometemos, desde nuestro lugar, a seguir buscando los medios y fomentando la creaci\u00f3n de espacios que sumen nuevos compromisos para luchar unidos frente a este terrible flagelo social, esperando una acci\u00f3n adecuada ante estos eventos desde todos los niveles y organismos del estado, en particular desde la justicia y las fuerzas de seguridad.<\/div>\n<div dir=\"ltr\" style=\"text-align: justify\">\u00a0<\/div>\n<p style=\"text-align: justify; text-indent: 35.4pt; line-height: 150%\" class=\"MsoNormal\"><strong><span>Pastoral Social Diocesana\u00a0\u00a0\u00a0\u00a0\u00a0\u00a0\u00a0\u00a0\u00a0\u00a0\u00a0\u00a0\u00a0\u00a0\u00a0\u00a0\u00a0\u00a0\u00a0\u00a0\u00a0\u00a0\u00a0\u00a0 \u00a0\u00a0\u00a0\u00a0\u00a0\u00a0\u00a0\u00a0\u00a0\u00a0\u00a0 Obispado de Reconquista<\/span><\/strong><\/p>\n<div>\u00a0<\/div>\n<div>\u00a0<\/div>\n","protected":false},"excerpt":{"rendered":"<div class=\"mh-excerpt\"><p>\u00a0 La Pastoral Social de la Di\u00f3cesis, junto a los organismos que la componen, en especial la Pastoral Penitenciaria y la Comisi\u00f3n de Justicia y <a class=\"mh-excerpt-more\" href=\"https:\/\/www.obispadorqta.org.ar\/v3\/prensatrata\/\" title=\"ADHESI\u00d3N AL D\u00cdA INTERNACIONAL DE LA LUCHA CONTRA LA TRATA DE PERSONAS 23 de Septiembre de 2015\">[&#8230;]<\/a><\/p>\n<\/div>","protected":false},"author":1,"featured_media":0,"comment_status":"open","ping_status":"open","sticky":false,"template":"","format":"standard","meta":{"footnotes":""},"categories":[28],"tags":[],"class_list":["post-1138","post","type-post","status-publish","format-standard","hentry","category-latest-news"],"_links":{"self":[{"href":"https:\/\/www.obispadorqta.org.ar\/v3\/wp-json\/wp\/v2\/posts\/1138","targetHints":{"allow":["GET"]}}],"collection":[{"href":"https:\/\/www.obispadorqta.org.ar\/v3\/wp-json\/wp\/v2\/posts"}],"about":[{"href":"https:\/\/www.obispadorqta.org.ar\/v3\/wp-json\/wp\/v2\/types\/post"}],"author":[{"embeddable":true,"href":"https:\/\/www.obispadorqta.org.ar\/v3\/wp-json\/wp\/v2\/users\/1"}],"replies":[{"embeddable":true,"href":"https:\/\/www.obispadorqta.org.ar\/v3\/wp-json\/wp\/v2\/comments?post=1138"}],"version-history":[{"count":0,"href":"https:\/\/www.obispadorqta.org.ar\/v3\/wp-json\/wp\/v2\/posts\/1138\/revisions"}],"wp:attachment":[{"href":"https:\/\/www.obispadorqta.org.ar\/v3\/wp-json\/wp\/v2\/media?parent=1138"}],"wp:term":[{"taxonomy":"category","embeddable":true,"href":"https:\/\/www.obispadorqta.org.ar\/v3\/wp-json\/wp\/v2\/categories?post=1138"},{"taxonomy":"post_tag","embeddable":true,"href":"https:\/\/www.obispadorqta.org.ar\/v3\/wp-json\/wp\/v2\/tags?post=1138"}],"curies":[{"name":"wp","href":"https:\/\/api.w.org\/{rel}","templated":true}]}}