{"id":1139,"date":"2015-09-25T11:46:52","date_gmt":"2015-09-25T11:46:52","guid":{"rendered":"http:\/\/www.obispadorqta.org.ar\/v3\/giancarloooo2\/"},"modified":"2015-09-25T11:46:52","modified_gmt":"2015-09-25T11:46:52","slug":"giancarloooo2","status":"publish","type":"post","link":"https:\/\/www.obispadorqta.org.ar\/v3\/giancarloooo2\/","title":{"rendered":"NOTICIAS DEL P. GIANCARLO MAISTRELLO"},"content":{"rendered":"<div>\n<div style=\"text-align: center\"><img loading=\"lazy\" decoding=\"async\" src=\"https:\/\/fbcdn-sphotos-e-a.akamaihd.net\/hphotos-ak-xtf1\/v\/t1.0-9\/11150924_859425490820610_8435995486369555776_n.jpg?oh=17a6b686475d49f8b0dbd01576d4282f&#038;oe=568F19C4&#038;__gda__=1448988575_ddbdddce9fc1639c00b01d7f307127ff\" border=\"0\" width=\"304\" height=\"400\" \/>\u00a0<\/div>\n<div style=\"text-align: justify\">\u00a0<\/div>\n<div style=\"text-align: justify\">Informamos que el P. Giancarlo Maistrello est\u00e1 mejor y en pleno proceso de rehabilitaci\u00f3n en una cl\u00ednica de Italia.<\/div>\n<div style=\"text-align: justify\">\u00a0<\/div>\n<div style=\"text-align: justify\">Compartimos algunas fotograf\u00edas. Una que muestra su trabajo de rehabilitaci\u00f3n y otra junto a las religiosas de la cl\u00ednica donde se encuentra internado y a Mons. Dante Braida, quien estando en Italia con ocasi\u00f3n de su Peregrinaci\u00f3n a la Tumba de San Pedro, se acerc\u00f3 a visitarlo.<\/div>\n<div style=\"text-align: justify\"> <\/div>\n<div style=\"text-align: justify\">Nos alegramos por estos avances en su recuperaci\u00f3n, agradecemos las oraciones de mucha gente e invitamos a seguir pidiendo por su salud.<\/div>\n<div style=\"text-align: justify\">\u00a0<\/div>\n<div style=\"text-align: justify\">Por su parte, el nos env\u00eda sus saludos y su afecto, en especial a la comunidad de Margarita, que en el d\u00eda de hoy celebrar\u00e1 el sacramento de la Confirmaci\u00f3n.<\/div>\n<\/div>\n<div style=\"text-align: justify\">\u00a0<\/div>\n<div style=\"text-align: center\">\u00a0<img loading=\"lazy\" decoding=\"async\" src=\"https:\/\/scontent-gru1-1.xx.fbcdn.net\/hphotos-xfp1\/v\/t1.0-9\/12033156_864407920322367_1741370929573935308_n.jpg?oh=60e461cc9439acb69179a6115fb9f274&#038;oe=56A2F6B4\" border=\"0\" width=\"225\" height=\"400\" \/><\/div>\n<div style=\"text-align: center\"><img loading=\"lazy\" decoding=\"async\" src=\"https:\/\/scontent-gru1-1.xx.fbcdn.net\/hphotos-xat1\/v\/t1.0-9\/12043198_864407870322372_6584601868491322495_n.jpg?oh=30749b3fae4ec83e9cc0fccb9192a7b2&#038;oe=5698BF32\" border=\"0\" width=\"400\" height=\"300\" \/>\u00a0<\/div>\n<div style=\"text-align: center\"><img loading=\"lazy\" decoding=\"async\" src=\"https:\/\/fbcdn-sphotos-b-a.akamaihd.net\/hphotos-ak-xtf1\/v\/t1.0-9\/12047185_969382679789592_3315278051414801923_n.jpg?oh=0b2cab8451021f630ca5c90c160373a6&#038;oe=5662D1BA&#038;__gda__=1449002209_b6c3bb43f8488a76635f13269817d44d\" border=\"0\" width=\"400\" height=\"300\" \/>\u00a0<\/div>\n","protected":false},"excerpt":{"rendered":"<div class=\"mh-excerpt\"><div>\n<div style=\"text-align: center\"><img loading=\"lazy\" decoding=\"async\" src=\"https:\/\/fbcdn-sphotos-e-a.akamaihd.net\/hphotos-ak-xtf1\/v\/t1.0-9\/11150924_859425490820610_8435995486369555776_n.jpg?oh=17a6b686475d49f8b0dbd01576d4282f&#038;oe=568F19C4&#038;__gda__=1448988575_ddbdddce9fc1639c00b01d7f307127ff\" border=\"0\" width=\"304\" height=\"400\" \/>\u00a0<\/div>\n<div style=\"text-align: justify\">\u00a0<\/div>\n<div style=\"text-align: justify\">Informamos que el P. Giancarlo Maistrello est\u00e1 mejor y en pleno proceso de rehabilitaci\u00f3n en una cl\u00ednica de Italia.<\/div>\n<div style=\"text-align: justify\">\u00a0<\/div>\n<div style=\"text-align: justify\">Compartimos algunas fotograf\u00edas. Una que muestra su trabajo de rehabilitaci\u00f3n y otra junto a las religiosas de la cl\u00ednica donde se encuentra internado y a Mons. Dante Braida, quien estando en Italia con ocasi\u00f3n de su Peregrinaci\u00f3n a la Tumba de San Pedro, se acerc\u00f3 a visitarlo.<\/div>\n<div style=\"text-align: justify\">\n<\/div>","protected":false},"author":1,"featured_media":0,"comment_status":"open","ping_status":"open","sticky":false,"template":"","format":"standard","meta":{"footnotes":""},"categories":[28],"tags":[],"class_list":["post-1139","post","type-post","status-publish","format-standard","hentry","category-latest-news"],"_links":{"self":[{"href":"https:\/\/www.obispadorqta.org.ar\/v3\/wp-json\/wp\/v2\/posts\/1139","targetHints":{"allow":["GET"]}}],"collection":[{"href":"https:\/\/www.obispadorqta.org.ar\/v3\/wp-json\/wp\/v2\/posts"}],"about":[{"href":"https:\/\/www.obispadorqta.org.ar\/v3\/wp-json\/wp\/v2\/types\/post"}],"author":[{"embeddable":true,"href":"https:\/\/www.obispadorqta.org.ar\/v3\/wp-json\/wp\/v2\/users\/1"}],"replies":[{"embeddable":true,"href":"https:\/\/www.obispadorqta.org.ar\/v3\/wp-json\/wp\/v2\/comments?post=1139"}],"version-history":[{"count":0,"href":"https:\/\/www.obispadorqta.org.ar\/v3\/wp-json\/wp\/v2\/posts\/1139\/revisions"}],"wp:attachment":[{"href":"https:\/\/www.obispadorqta.org.ar\/v3\/wp-json\/wp\/v2\/media?parent=1139"}],"wp:term":[{"taxonomy":"category","embeddable":true,"href":"https:\/\/www.obispadorqta.org.ar\/v3\/wp-json\/wp\/v2\/categories?post=1139"},{"taxonomy":"post_tag","embeddable":true,"href":"https:\/\/www.obispadorqta.org.ar\/v3\/wp-json\/wp\/v2\/tags?post=1139"}],"curies":[{"name":"wp","href":"https:\/\/api.w.org\/{rel}","templated":true}]}}