{"id":1142,"date":"2015-09-29T11:33:41","date_gmt":"2015-09-29T11:33:41","guid":{"rendered":"http:\/\/www.obispadorqta.org.ar\/v3\/vicariossss\/"},"modified":"2015-09-29T11:33:41","modified_gmt":"2015-09-29T11:33:41","slug":"vicariossss","status":"publish","type":"post","link":"https:\/\/www.obispadorqta.org.ar\/v3\/vicariossss\/","title":{"rendered":"NUEVOS VICARIOS GENERALES"},"content":{"rendered":"<div style=\"text-align: center\"><img loading=\"lazy\" decoding=\"async\" src=\"https:\/\/fbcdn-sphotos-e-a.akamaihd.net\/hphotos-ak-xpf1\/v\/t1.0-9\/12049553_865925440170615_5961388002817542443_n.jpg?oh=092c950dba844a0ec4a00604bc44ea9a&#038;oe=5697CDEB&#038;__gda__=1448985729_5a72c374b540e1f11c3e1880c7d718e4\" border=\"0\" width=\"186\" height=\"200\" \/><img loading=\"lazy\" decoding=\"async\" src=\"https:\/\/fbcdn-sphotos-a-a.akamaihd.net\/hphotos-ak-xta1\/v\/t1.0-9\/12088486_865925423503950_8414200146523327025_n.jpg?oh=950ad37729722c8a94f3bc2c2138c449&#038;oe=56A40790&#038;__gda__=1453073689_c4e20d12eede75d7fbb3c918ea221dad\" border=\"0\" width=\"176\" height=\"200\" \/><\/div>\n<div>\u00a0<\/div>\n<div style=\"text-align: justify\"><span style=\"font-size: 12.16px; line-height: 1.3em\">Con alegr\u00eda, comunico que luego de pedir la luz del Esp\u00edritu Santo y en pleno uso de las facultades que me son propias, he nombrado a dos sacerdotes para el ministerio de Vicario General.<\/span><\/div>\n<div style=\"text-align: justify\">Ellos son: el Pbro. Omar Abel Faccioli, quien se desempe\u00f1a como Vicario de la Parroquia San Roque de Reconquista, y el Pbro. Walter Guido V\u00e9nica, P\u00e1rroco de la Parroquia San Luis Gonzaga de Calchaqu\u00ed. Los mismos tendr\u00e1n plenas facultades en su oficio, a tenor del Derecho Can\u00f3nico. Luego, en la pr\u00e1ctica, seguir\u00e1n residiendo y trabajando en sus respectivas comunidades y prestar\u00e1n su colaboraci\u00f3n al Obispo Diocesano en algunas \u00e1reas espec\u00edficas que le sean asignadas.<\/div>\n<div style=\"text-align: justify\">En breve se dar\u00e1 a conocer la fecha en que los mencionados sacerdotes asumir\u00e1n el ministerio encomendado y har\u00e1n la correspondiente profesi\u00f3n de fe y juramento de fidelidad.\u00a0<\/div>\n<div style=\"text-align: justify\">El nombramiento de dos presb\u00edteros para ejercer esta tarea de estrecha comuni\u00f3n con el obispo quiere ser, entre otras cosas, un signo y un instrumento m\u00e1s para fomentar y hacer efectiva la comuni\u00f3n,como base para una Iglesia Diocesana en salida.<\/div>\n<div style=\"text-align: justify\">Invito a todos a orar para que Dios ilumine y fortalezca a los sacerdotes que fueron convocados a este delicado servicio.<\/div>\n<div><\/div>\n<div style=\"text-align: right\">+ Mons. \u00c1ngel Jos\u00e9 Mac\u00edn<\/div>\n<div style=\"text-align: right\">Obispo de Reconquista<\/div>\n<div style=\"text-align: right\">\u00a0<\/div>\n","protected":false},"excerpt":{"rendered":"<div class=\"mh-excerpt\"><p>\u00a0 Con alegr\u00eda, comunico que luego de pedir la luz del Esp\u00edritu Santo y en pleno uso de las facultades que me son propias, he <a class=\"mh-excerpt-more\" href=\"https:\/\/www.obispadorqta.org.ar\/v3\/vicariossss\/\" title=\"NUEVOS VICARIOS GENERALES\">[&#8230;]<\/a><\/p>\n<\/div>","protected":false},"author":1,"featured_media":0,"comment_status":"open","ping_status":"open","sticky":false,"template":"","format":"standard","meta":{"footnotes":""},"categories":[28],"tags":[],"class_list":["post-1142","post","type-post","status-publish","format-standard","hentry","category-latest-news"],"_links":{"self":[{"href":"https:\/\/www.obispadorqta.org.ar\/v3\/wp-json\/wp\/v2\/posts\/1142","targetHints":{"allow":["GET"]}}],"collection":[{"href":"https:\/\/www.obispadorqta.org.ar\/v3\/wp-json\/wp\/v2\/posts"}],"about":[{"href":"https:\/\/www.obispadorqta.org.ar\/v3\/wp-json\/wp\/v2\/types\/post"}],"author":[{"embeddable":true,"href":"https:\/\/www.obispadorqta.org.ar\/v3\/wp-json\/wp\/v2\/users\/1"}],"replies":[{"embeddable":true,"href":"https:\/\/www.obispadorqta.org.ar\/v3\/wp-json\/wp\/v2\/comments?post=1142"}],"version-history":[{"count":0,"href":"https:\/\/www.obispadorqta.org.ar\/v3\/wp-json\/wp\/v2\/posts\/1142\/revisions"}],"wp:attachment":[{"href":"https:\/\/www.obispadorqta.org.ar\/v3\/wp-json\/wp\/v2\/media?parent=1142"}],"wp:term":[{"taxonomy":"category","embeddable":true,"href":"https:\/\/www.obispadorqta.org.ar\/v3\/wp-json\/wp\/v2\/categories?post=1142"},{"taxonomy":"post_tag","embeddable":true,"href":"https:\/\/www.obispadorqta.org.ar\/v3\/wp-json\/wp\/v2\/tags?post=1142"}],"curies":[{"name":"wp","href":"https:\/\/api.w.org\/{rel}","templated":true}]}}