{"id":1143,"date":"2015-09-30T14:32:27","date_gmt":"2015-09-30T14:32:27","guid":{"rendered":"http:\/\/www.obispadorqta.org.ar\/v3\/1-de-octubre-celebramos-a-santa-teresita\/"},"modified":"2015-09-30T14:32:27","modified_gmt":"2015-09-30T14:32:27","slug":"1-de-octubre-celebramos-a-santa-teresita","status":"publish","type":"post","link":"https:\/\/www.obispadorqta.org.ar\/v3\/1-de-octubre-celebramos-a-santa-teresita\/","title":{"rendered":"1 de octubre: Celebramos a Santa Teresita"},"content":{"rendered":"<p><!--[if gte mso 9]><xml>  <o:OfficeDocumentSettings>   <o:RelyOnVML\/>   <o:AllowPNG\/>  <\/o:OfficeDocumentSettings> <\/xml><![endif]-->  <\/p>\n<p style=\"text-align: center\" class=\"MsoNormal\" align=\"center\"><font color=\"#000000\"><em><span style=\"font-family: Algerian; font-size: 12pt; line-height: 107%\">Estamos de fiesta en el Carmelo San Jos\u00e9 de Reconquista<\/span><\/em><\/font><\/p>\n<div style=\"text-align: center\"><img loading=\"lazy\" decoding=\"async\" src=\"https:\/\/fbcdn-sphotos-b-a.akamaihd.net\/hphotos-ak-xap1\/v\/t1.0-9\/11225743_866391576790668_2420775026417548085_n.jpg?oh=6ec8d4661bc6de393711dada43d05461&#038;oe=56A3234D&#038;__gda__=1453724561_07ff0dc454077b04f85bdf7f941cee13\" border=\"0\" width=\"325\" height=\"242\" \/><\/div>\n<div style=\"text-align: center\"><strong>\u00a0<\/strong><\/div>\n<div style=\"font-family: Arial,Helvetica,sans-serif; font-size: 12px; font-style: normal; line-height: normal; text-align: center\"><!--[if gte mso 9]><xml>  <o:OfficeDocumentSettings>   <o:RelyOnVML\/>   <o:AllowPNG\/>  <\/o:OfficeDocumentSettings> <\/xml><![endif]--><font color=\"#000000\"><span style=\"font-family: Georgia,Times New Roman,Times,serif; font-size: 12px; font-style: normal; line-height: normal\">Los invitamos a la celebraci\u00f3n de la Eucarist\u00eda, a las 19:30 hs.<\/span><\/font> <\/div>\n<div style=\"font-family: Georgia,Times New Roman,Times,serif; font-size: 12px; font-style: normal; line-height: normal; text-align: center\"><strong><font color=\"#000000\">Presidida por nuestro Obispo: MONS. \u00c1NGEL JOS\u00c9 MAC\u00cdN<\/font><\/strong><font color=\"#000000\"><strong> <br \/><\/strong><\/font><\/div>\n<div style=\"font-family: Arial,Helvetica,sans-serif; font-size: 12px; font-style: normal; line-height: normal; text-align: center\"><strong><font style=\"font-family: Georgia,Times New Roman,Times,serif\" color=\"#000000\">Concelebrar\u00e1 por MONS. DOMINGO SALVADOR CASTAGNA, Arzobispo Em\u00e9rito de Corrientes.<\/font> <br \/><\/strong><\/div>\n<div style=\"font-family: Arial,Helvetica,sans-serif; font-size: 12px; font-style: normal; line-height: normal; text-align: center\"><font style=\"font-family: Georgia,Times New Roman,Times,serif\" color=\"#000000\">En esta Celebraci\u00f3n daremos gracias a Jes\u00fas por la vocaci\u00f3n de <strong>Margot Silvero<\/strong>,<br \/>que inicia el Noviciado y recibe el h\u00e1bito de la Orden de Carmelitas Descalzas.<\/font><\/div>\n<div style=\"font-family: Arial,Helvetica,sans-serif; font-size: 12px; font-style: normal; line-height: normal; text-align: center\"><font color=\"#000000\">\u00a0<\/font><\/div>\n<div style=\"font-family: Arial,Helvetica,sans-serif; font-size: 12px; font-style: normal; line-height: normal; text-align: center\"><font color=\"#000000\"><strong style=\"font-family: Georgia,Times New Roman,Times,serif\">Los esperamos,<\/strong><\/font><\/div>\n<div style=\"font-family: Arial,Helvetica,sans-serif; font-size: 12px; font-style: normal; line-height: normal; text-align: center\"><font color=\"#000000\"><strong>\u00a0<\/strong><\/font><\/div>\n<div style=\"font-family: Arial,Helvetica,sans-serif; font-size: 12px; font-style: normal; line-height: normal; text-align: center\"><font color=\"#000000\"><strong style=\"font-family: Georgia,Times New Roman,Times,serif; font-size: 10px\">\u00a0\u00a0\u00a0\u00a0\u00a0\u00a0\u00a0\u00a0\u00a0\u00a0\u00a0\u00a0\u00a0\u00a0\u00a0\u00a0\u00a0\u00a0\u00a0\u00a0\u00a0\u00a0\u00a0\u00a0\u00a0\u00a0\u00a0\u00a0\u00a0\u00a0\u00a0\u00a0\u00a0\u00a0\u00a0\u00a0\u00a0\u00a0\u00a0\u00a0\u00a0\u00a0\u00a0\u00a0\u00a0\u00a0\u00a0\u00a0\u00a0\u00a0\u00a0\u00a0\u00a0\u00a0\u00a0\u00a0\u00a0\u00a0\u00a0\u00a0\u00a0\u00a0\u00a0\u00a0\u00a0\u00a0\u00a0\u00a0\u00a0\u00a0\u00a0\u00a0\u00a0\u00a0\u00a0\u00a0\u00a0 Hermanas Carmelitas Descalzas<\/strong><\/font><\/div>\n","protected":false},"excerpt":{"rendered":"<div class=\"mh-excerpt\"><p>Estamos de fiesta en el Carmelo San Jos\u00e9 de Reconquista \u00a0 Los invitamos a la celebraci\u00f3n de la Eucarist\u00eda, a las 19:30 hs. Presidida por <a class=\"mh-excerpt-more\" href=\"https:\/\/www.obispadorqta.org.ar\/v3\/1-de-octubre-celebramos-a-santa-teresita\/\" title=\"1 de octubre: Celebramos a Santa Teresita\">[&#8230;]<\/a><\/p>\n<\/div>","protected":false},"author":1,"featured_media":0,"comment_status":"open","ping_status":"open","sticky":false,"template":"","format":"standard","meta":{"footnotes":""},"categories":[28],"tags":[],"class_list":["post-1143","post","type-post","status-publish","format-standard","hentry","category-latest-news"],"_links":{"self":[{"href":"https:\/\/www.obispadorqta.org.ar\/v3\/wp-json\/wp\/v2\/posts\/1143","targetHints":{"allow":["GET"]}}],"collection":[{"href":"https:\/\/www.obispadorqta.org.ar\/v3\/wp-json\/wp\/v2\/posts"}],"about":[{"href":"https:\/\/www.obispadorqta.org.ar\/v3\/wp-json\/wp\/v2\/types\/post"}],"author":[{"embeddable":true,"href":"https:\/\/www.obispadorqta.org.ar\/v3\/wp-json\/wp\/v2\/users\/1"}],"replies":[{"embeddable":true,"href":"https:\/\/www.obispadorqta.org.ar\/v3\/wp-json\/wp\/v2\/comments?post=1143"}],"version-history":[{"count":0,"href":"https:\/\/www.obispadorqta.org.ar\/v3\/wp-json\/wp\/v2\/posts\/1143\/revisions"}],"wp:attachment":[{"href":"https:\/\/www.obispadorqta.org.ar\/v3\/wp-json\/wp\/v2\/media?parent=1143"}],"wp:term":[{"taxonomy":"category","embeddable":true,"href":"https:\/\/www.obispadorqta.org.ar\/v3\/wp-json\/wp\/v2\/categories?post=1143"},{"taxonomy":"post_tag","embeddable":true,"href":"https:\/\/www.obispadorqta.org.ar\/v3\/wp-json\/wp\/v2\/tags?post=1143"}],"curies":[{"name":"wp","href":"https:\/\/api.w.org\/{rel}","templated":true}]}}