{"id":1144,"date":"2015-10-01T11:48:02","date_gmt":"2015-10-01T11:48:02","guid":{"rendered":"http:\/\/www.obispadorqta.org.ar\/v3\/familaencuentro\/"},"modified":"2015-10-01T11:48:02","modified_gmt":"2015-10-01T11:48:02","slug":"familaencuentro","status":"publish","type":"post","link":"https:\/\/www.obispadorqta.org.ar\/v3\/familaencuentro\/","title":{"rendered":"Encuentro Diocesano de las Familias"},"content":{"rendered":"<div style=\"text-align: center\"><img loading=\"lazy\" decoding=\"async\" src=\"https:\/\/fbcdn-sphotos-a-a.akamaihd.net\/hphotos-ak-xta1\/v\/t1.0-9\/11224109_866730236756802_7365051047842605324_n.jpg?oh=3df52e478e34202e5f4e66a38a3d11cc&#038;oe=56917A33&#038;__gda__=1451868090_03a582a3d280ed1d39f29f8ff70007e4\" border=\"0\" width=\"400\" height=\"300\" \/><span style=\"font-size: 12.16px; line-height: 1.3em\">\u00a0<\/span><\/div>\n<div style=\"text-align: center\">\u00a0<\/div>\n<div style=\"text-align: justify\"><span style=\"font-size: 12.16px; line-height: 1.3em\">En coincidencia con el inicio del S\u00ednodo Ordinario sobre la Familia a realizarse del 4 al 25 de octubre de este a\u00f1o en el Vaticano. La Comisi\u00f3n Diocesana de Pastoral Familiar invita a participar el d\u00eda 03 de octubre a partir de las 15 hs. del Encuentro Diocesano de las Familias que se llevar\u00e1 a cabo en el Complejo Cultural \u201cLa Estaci\u00f3n\u201d de la ciudad de Reconquista.<\/span><\/div>\n<div style=\"text-align: justify\">La consigna de la jornada es \u201cLo mejor para la familia est\u00e1 por venir\u201d. Luego se concluir\u00e1 el encuentro con una marcha hacia la Catedral de Reconquista en donde el Obispo Diocesano Mons. \u00c1ngel Jos\u00e9 Mac\u00edn presidir\u00e1 la Santa Misa.<\/div>\n","protected":false},"excerpt":{"rendered":"<div class=\"mh-excerpt\"><p>\u00a0 \u00a0 En coincidencia con el inicio del S\u00ednodo Ordinario sobre la Familia a realizarse del 4 al 25 de octubre de este a\u00f1o en <a class=\"mh-excerpt-more\" href=\"https:\/\/www.obispadorqta.org.ar\/v3\/familaencuentro\/\" title=\"Encuentro Diocesano de las Familias\">[&#8230;]<\/a><\/p>\n<\/div>","protected":false},"author":1,"featured_media":0,"comment_status":"open","ping_status":"open","sticky":false,"template":"","format":"standard","meta":{"footnotes":""},"categories":[28],"tags":[],"class_list":["post-1144","post","type-post","status-publish","format-standard","hentry","category-latest-news"],"_links":{"self":[{"href":"https:\/\/www.obispadorqta.org.ar\/v3\/wp-json\/wp\/v2\/posts\/1144","targetHints":{"allow":["GET"]}}],"collection":[{"href":"https:\/\/www.obispadorqta.org.ar\/v3\/wp-json\/wp\/v2\/posts"}],"about":[{"href":"https:\/\/www.obispadorqta.org.ar\/v3\/wp-json\/wp\/v2\/types\/post"}],"author":[{"embeddable":true,"href":"https:\/\/www.obispadorqta.org.ar\/v3\/wp-json\/wp\/v2\/users\/1"}],"replies":[{"embeddable":true,"href":"https:\/\/www.obispadorqta.org.ar\/v3\/wp-json\/wp\/v2\/comments?post=1144"}],"version-history":[{"count":0,"href":"https:\/\/www.obispadorqta.org.ar\/v3\/wp-json\/wp\/v2\/posts\/1144\/revisions"}],"wp:attachment":[{"href":"https:\/\/www.obispadorqta.org.ar\/v3\/wp-json\/wp\/v2\/media?parent=1144"}],"wp:term":[{"taxonomy":"category","embeddable":true,"href":"https:\/\/www.obispadorqta.org.ar\/v3\/wp-json\/wp\/v2\/categories?post=1144"},{"taxonomy":"post_tag","embeddable":true,"href":"https:\/\/www.obispadorqta.org.ar\/v3\/wp-json\/wp\/v2\/tags?post=1144"}],"curies":[{"name":"wp","href":"https:\/\/api.w.org\/{rel}","templated":true}]}}