{"id":1145,"date":"2015-10-02T14:50:49","date_gmt":"2015-10-02T14:50:49","guid":{"rendered":"http:\/\/www.obispadorqta.org.ar\/v3\/eleccionesbiencomun\/"},"modified":"2015-10-02T14:50:49","modified_gmt":"2015-10-02T14:50:49","slug":"eleccionesbiencomun","status":"publish","type":"post","link":"https:\/\/www.obispadorqta.org.ar\/v3\/eleccionesbiencomun\/","title":{"rendered":"Elecciones, servicio al bien com\u00fan"},"content":{"rendered":"<div style=\"text-align: center\"><img loading=\"lazy\" decoding=\"async\" src=\"http:\/\/www.episcopado.org\/portal\/media\/k2\/items\/cache\/2f4e552d638dc78e77d3d5a128eaa4d7_XL.jpg\" border=\"0\" width=\"400\" height=\"233\" \/><\/div>\n<div>\u00a0<\/div>\n<div style=\"text-align: justify\">\u00a0El pueblo argentino vive un a\u00f1o de especial significaci\u00f3n c\u00edvica con una agenda electoral intensa que representa el ejercicio soberano de la voluntad popular. Se expresa as\u00ed la \u201cNaci\u00f3n que queremos\u201d.<\/div>\n<div style=\"text-align: justify\">La democracia, que tanto esfuerzo nos ha costado alcanzar y preservar, es una conquista que no puede ponerse en riesgo por la existencia de pr\u00e1cticas que puedan socavar su legitimidad. Nos interesa la consolidaci\u00f3n y desarrollo de nuestro sistema democr\u00e1tico en paz. Lamentablemente hemos asistido a un clima de agravios, sospechas y denuncias que debilitan la credibilidad de personas e instituciones.<\/div>\n<div style=\"text-align: justify\">Frente a ello s\u00f3lo cabe recomponer una actitud de respeto, de di\u00e1logo sincero y de participaci\u00f3n comprometida. \u00a0Es necesario retomar el camino de los valores \u00e9ticos y promover, como nos invita el Papa Francisco, una cultura del encuentro que facilite la amistad social. As\u00ed podremos vivir las elecciones como un acontecimiento esperanzador, que refleje el nivel c\u00edvico de un pueblo que va a las urnas con la convicci\u00f3n de que es el mejor modo de expresar la voluntad de ser una Naci\u00f3n cada vez m\u00e1s inclusiva para todos los argentinos.<\/div>\n<div style=\"text-align: justify\">De este acontecimiento, que debe ser una aut\u00e9ntica fiesta c\u00edvica en el marco de la Constituci\u00f3n Nacional, son garantes el Estado, los Partidos Pol\u00edticos y los Ciudadanos. A cada uno le corresponde un papel y una responsabilidad que hacen al bien de la Rep\u00fablica. Todos somos responsables, nadie puede sentirse ajeno:<\/div>\n<div style=\"text-align: justify\">&#8211; Al Estado en sus diversos poderes le corresponde crear las condiciones objetivas que aseguren un desarrollo transparente, dando garant\u00edas al acto eleccionario.<\/div>\n<div style=\"text-align: justify\">&#8211; Los candidatos y Partidos Pol\u00edticos deben presentar con claridad sus plataformas, propuestas e ideas; como as\u00ed tambi\u00e9n ser respetuosos ante los ocasionales adversarios.<\/div>\n<div style=\"text-align: justify\">&#8211; Los ciudadanos, en el ejercicio de nuestra libertad y derechos, tenemos que conocer y discernir sobre las propuestas que mejor respondan a nuestros principios y convicciones, como as\u00ed tambi\u00e9n sobre la idoneidad y coherencia de las personas que buscan nuestro voto. Todos tenemos derecho a desear un pa\u00eds mejor.<\/div>\n<div style=\"text-align: justify\">Una democracia sin valores y sin ejemplaridad se empobrece. Por lo tanto, no deber\u00edan escatimarse esfuerzos en orden a mejorar los procedimientos, asegurar la transparencia y evitar todo tipo de sospechas que terminen provocando desconfianza y acent\u00faen las divisiones entre los argentinos. Que ning\u00fan signo de violencia o intolerancia ensombrezca el acto eleccionario y, al mismo tiempo, esperamos actitudes de nobleza para reconocer y respetar la leg\u00edtima y soberana voluntad popular.<\/div>\n<div style=\"text-align: justify\">En camino a la celebraci\u00f3n del Bicentenario de la Independencia Nacional anhelamos que estas elecciones honren el sacrificio y la entrega de nuestros mayores, por eso ponemos estas reflexiones en las manos de Nuestra Madre de Luj\u00e1n que siempre nos ha acompa\u00f1ado a lo largo de la historia, y elevamos juntos la oraci\u00f3n por la Patria: Queremos ser naci\u00f3n, una naci\u00f3n cuya identidad sea la pasi\u00f3n por la \u00a0verdad y el compromiso con el bien com\u00fan\u2026. Conc\u00e9denos la sabidur\u00eda del di\u00e1logo y la alegr\u00eda de la esperanza que no defrauda.\u00a0<\/div>\n<div style=\"text-align: justify\"><\/div>\n<div style=\"text-align: right\">Comisi\u00f3n Ejecutiva &#8211; CEA<\/div>\n<div style=\"text-align: right\">Buenos Aires, 1 de octubre de 2015<\/div>\n","protected":false},"excerpt":{"rendered":"<div class=\"mh-excerpt\"><div style=\"text-align: center\"><img loading=\"lazy\" decoding=\"async\" src=\"http:\/\/www.episcopado.org\/portal\/media\/k2\/items\/cache\/2f4e552d638dc78e77d3d5a128eaa4d7_XL.jpg\" border=\"0\" width=\"400\" height=\"233\" \/><\/div>\n<div>\u00a0<\/div>\n<\/div>","protected":false},"author":1,"featured_media":0,"comment_status":"open","ping_status":"open","sticky":false,"template":"","format":"standard","meta":{"footnotes":""},"categories":[28],"tags":[],"class_list":["post-1145","post","type-post","status-publish","format-standard","hentry","category-latest-news"],"_links":{"self":[{"href":"https:\/\/www.obispadorqta.org.ar\/v3\/wp-json\/wp\/v2\/posts\/1145","targetHints":{"allow":["GET"]}}],"collection":[{"href":"https:\/\/www.obispadorqta.org.ar\/v3\/wp-json\/wp\/v2\/posts"}],"about":[{"href":"https:\/\/www.obispadorqta.org.ar\/v3\/wp-json\/wp\/v2\/types\/post"}],"author":[{"embeddable":true,"href":"https:\/\/www.obispadorqta.org.ar\/v3\/wp-json\/wp\/v2\/users\/1"}],"replies":[{"embeddable":true,"href":"https:\/\/www.obispadorqta.org.ar\/v3\/wp-json\/wp\/v2\/comments?post=1145"}],"version-history":[{"count":0,"href":"https:\/\/www.obispadorqta.org.ar\/v3\/wp-json\/wp\/v2\/posts\/1145\/revisions"}],"wp:attachment":[{"href":"https:\/\/www.obispadorqta.org.ar\/v3\/wp-json\/wp\/v2\/media?parent=1145"}],"wp:term":[{"taxonomy":"category","embeddable":true,"href":"https:\/\/www.obispadorqta.org.ar\/v3\/wp-json\/wp\/v2\/categories?post=1145"},{"taxonomy":"post_tag","embeddable":true,"href":"https:\/\/www.obispadorqta.org.ar\/v3\/wp-json\/wp\/v2\/tags?post=1145"}],"curies":[{"name":"wp","href":"https:\/\/api.w.org\/{rel}","templated":true}]}}