{"id":1156,"date":"2015-11-04T13:49:05","date_gmt":"2015-11-04T13:49:05","guid":{"rendered":"http:\/\/www.obispadorqta.org.ar\/v3\/profesion-de-fe-y-juramento-de-oficio\/"},"modified":"2015-11-04T13:49:05","modified_gmt":"2015-11-04T13:49:05","slug":"profesion-de-fe-y-juramento-de-oficio","status":"publish","type":"post","link":"https:\/\/www.obispadorqta.org.ar\/v3\/profesion-de-fe-y-juramento-de-oficio\/","title":{"rendered":"Profesi\u00f3n de Fe y Juramento de Oficio"},"content":{"rendered":"<div align=\"justify\">\n<div style=\"text-align: center\"><img loading=\"lazy\" decoding=\"async\" src=\"https:\/\/fbcdn-sphotos-g-a.akamaihd.net\/hphotos-ak-xaf1\/v\/t1.0-9\/12193765_974023636017076_2863242402903310608_n.jpg?oh=c690a2375e911df8cce6a10aa311a478&#038;oe=56B511F2&#038;__gda__=1455743043_8225745b519d9d14bcb4979a4f297923\" border=\"0\" width=\"350\" height=\"197\" \/><\/div>\n<p><\/div>\n<div align=\"justify\">El pasado s\u00e1bado 31 de octubre, <strong>los presb\u00edteros Omar Abel Faccioli y Walter Guido V\u00e9nica, efectuaron la profesi\u00f3n de fe y juramento de oficio <\/strong>en la misa realizada en la culminaci\u00f3n de la Asamblea Diocesana y presidida por monse\u00f1or \u00c1ngel Jos\u00e9 Mac\u00edn.<\/p>\n<p>Los sacerdotes tendr\u00e1n plenas facultades en su oficio, a tenor del Derecho Can\u00f3nico. Luego, en la pr\u00e1ctica, seguir\u00e1n residiendo y trabajando en sus respectivas parroquias y prestar\u00e1n su colaboraci\u00f3n al obispo en algunas \u00e1reas espec\u00edficas que le sean asignadas. <\/p>\n<p>El presb\u00edtero Faccioli se desempe\u00f1a como vicario de la parroquia San Roque, de Reconquista, y el presb\u00edtero V\u00e9nica es p\u00e1rroco de San Luis Gonzaga, de la localidad de Calchaqu\u00ed. <\/p>\n<p>Mons. Mac\u00edn invita a los fieles a orar y pedir a Dios por los sacerdotes Omar y Walter, para que en esta nueva misi\u00f3n, les conceda no tener otra voluntad que la de, ayudando al Obispo diocesano, servir a nuestra Iglesia, buscar su bien.<\/div>\n","protected":false},"excerpt":{"rendered":"<div class=\"mh-excerpt\"><p>El pasado s\u00e1bado 31 de octubre, los presb\u00edteros Omar Abel Faccioli y Walter Guido V\u00e9nica, efectuaron la profesi\u00f3n de fe y juramento de oficio en <a class=\"mh-excerpt-more\" href=\"https:\/\/www.obispadorqta.org.ar\/v3\/profesion-de-fe-y-juramento-de-oficio\/\" title=\"Profesi\u00f3n de Fe y Juramento de Oficio\">[&#8230;]<\/a><\/p>\n<\/div>","protected":false},"author":1,"featured_media":0,"comment_status":"open","ping_status":"open","sticky":false,"template":"","format":"standard","meta":{"footnotes":""},"categories":[28],"tags":[],"class_list":["post-1156","post","type-post","status-publish","format-standard","hentry","category-latest-news"],"_links":{"self":[{"href":"https:\/\/www.obispadorqta.org.ar\/v3\/wp-json\/wp\/v2\/posts\/1156","targetHints":{"allow":["GET"]}}],"collection":[{"href":"https:\/\/www.obispadorqta.org.ar\/v3\/wp-json\/wp\/v2\/posts"}],"about":[{"href":"https:\/\/www.obispadorqta.org.ar\/v3\/wp-json\/wp\/v2\/types\/post"}],"author":[{"embeddable":true,"href":"https:\/\/www.obispadorqta.org.ar\/v3\/wp-json\/wp\/v2\/users\/1"}],"replies":[{"embeddable":true,"href":"https:\/\/www.obispadorqta.org.ar\/v3\/wp-json\/wp\/v2\/comments?post=1156"}],"version-history":[{"count":0,"href":"https:\/\/www.obispadorqta.org.ar\/v3\/wp-json\/wp\/v2\/posts\/1156\/revisions"}],"wp:attachment":[{"href":"https:\/\/www.obispadorqta.org.ar\/v3\/wp-json\/wp\/v2\/media?parent=1156"}],"wp:term":[{"taxonomy":"category","embeddable":true,"href":"https:\/\/www.obispadorqta.org.ar\/v3\/wp-json\/wp\/v2\/categories?post=1156"},{"taxonomy":"post_tag","embeddable":true,"href":"https:\/\/www.obispadorqta.org.ar\/v3\/wp-json\/wp\/v2\/tags?post=1156"}],"curies":[{"name":"wp","href":"https:\/\/api.w.org\/{rel}","templated":true}]}}