{"id":1157,"date":"2015-11-05T14:43:04","date_gmt":"2015-11-05T14:43:04","guid":{"rendered":"http:\/\/www.obispadorqta.org.ar\/v3\/encuentro-diocesano-de-catequesis-6\/"},"modified":"2015-11-05T14:43:04","modified_gmt":"2015-11-05T14:43:04","slug":"encuentro-diocesano-de-catequesis-6","status":"publish","type":"post","link":"https:\/\/www.obispadorqta.org.ar\/v3\/encuentro-diocesano-de-catequesis-6\/","title":{"rendered":"Encuentro Diocesano de Catequesis"},"content":{"rendered":"<div style=\"text-align: center\"><img loading=\"lazy\" decoding=\"async\" src=\"https:\/\/fbcdn-sphotos-b-a.akamaihd.net\/hphotos-ak-xap1\/v\/t1.0-9\/12105992_1610256282547296_2599498059929933575_n.jpg?oh=f22673ec0cee913977a5f3acdb7c269a&#038;oe=56BA0DE7&#038;__gda__=1454598366_1e055679f1a3c5094a7d4343ea0eb5fe\" border=\"0\" width=\"376\" height=\"298\" \/><\/div>\n<div align=\"justify\"> Bajo el lema <em><strong>\u201cCatequistas alegres, testigos de la misericordia\u201d<\/strong><\/em>, la Junta Diocesana de Catequesis invita al Encuentro Diocesano de Catequesis que se realizar\u00e1 este pr\u00f3ximo s\u00e1bado 07 de noviembre de 8:15 a 17:00 hs. en el Instituto Gustavo Mart\u00ednez Zuvir\u00eda de Avellaneda.<\/div>\n<div align=\"justify\">\u00a0<\/div>\n<div align=\"justify\">En este encuentro se abordara el tema de las familias en todas las \u00e1reas de catequesis bajo la mirada de la misericordia, en sinton\u00eda con la propuesta del Papa Francisco. Tambi\u00e9n se seguir\u00e1 profundizando los caminos de renovaci\u00f3n de toda la catequesis que se ha iniciado. <\/div>\n<div align=\"justify\">\u00a0<\/div>\n<div align=\"justify\">El Papa Francisco dice: \u201cSiempre tenemos necesidad de contemplar el misterio de la misericordia. Es fuente de alegr\u00eda, de serenidad y de paz [\u2026] Misericordia: es la v\u00eda que une Dios y el hombre, porque abre el coraz\u00f3n a la esperanza de ser amados para siempre no obstante el l\u00edmite de nuestro pecado\u201d. Este es el esp\u00edritu que animar\u00e1 este Encuentro Diocesano.<\/div>\n<div align=\"justify\">\u00a0<\/div>\n<div align=\"justify\">En la misma jornada se conformara la <em>Red Diocesana de Referentes de Catequesis<\/em>, por lo tanto se har\u00e1 el env\u00edo de todos los Referentes de las distintas parroquias.<\/div>\n<div align=\"justify\">\u00a0<\/div>\n<div align=\"justify\">El encuentro concluir\u00e1 con la celebraci\u00f3n de la Santa Misa. El almuerzo ser\u00e1 a la canasta, con un servicio de bebidas y la posibilidad de adquirir alimentos para aquellos que no puedan traer. Todos los catequistas est\u00e1n invitados. En el SEDIOCA del pr\u00f3ximo a\u00f1o se seguir\u00e1 profundizando en las necesidades de nuestra catequesis.<\/div>\n","protected":false},"excerpt":{"rendered":"<div class=\"mh-excerpt\"><div style=\"text-align: center\"><img loading=\"lazy\" decoding=\"async\" src=\"https:\/\/fbcdn-sphotos-b-a.akamaihd.net\/hphotos-ak-xap1\/v\/t1.0-9\/12105992_1610256282547296_2599498059929933575_n.jpg?oh=f22673ec0cee913977a5f3acdb7c269a&#038;oe=56BA0DE7&#038;__gda__=1454598366_1e055679f1a3c5094a7d4343ea0eb5fe\" border=\"0\" width=\"376\" height=\"298\" \/><\/div>\n<div align=\"justify\"><\/p>\n<\/div>","protected":false},"author":1,"featured_media":0,"comment_status":"open","ping_status":"open","sticky":false,"template":"","format":"standard","meta":{"footnotes":""},"categories":[28],"tags":[],"class_list":["post-1157","post","type-post","status-publish","format-standard","hentry","category-latest-news"],"_links":{"self":[{"href":"https:\/\/www.obispadorqta.org.ar\/v3\/wp-json\/wp\/v2\/posts\/1157","targetHints":{"allow":["GET"]}}],"collection":[{"href":"https:\/\/www.obispadorqta.org.ar\/v3\/wp-json\/wp\/v2\/posts"}],"about":[{"href":"https:\/\/www.obispadorqta.org.ar\/v3\/wp-json\/wp\/v2\/types\/post"}],"author":[{"embeddable":true,"href":"https:\/\/www.obispadorqta.org.ar\/v3\/wp-json\/wp\/v2\/users\/1"}],"replies":[{"embeddable":true,"href":"https:\/\/www.obispadorqta.org.ar\/v3\/wp-json\/wp\/v2\/comments?post=1157"}],"version-history":[{"count":0,"href":"https:\/\/www.obispadorqta.org.ar\/v3\/wp-json\/wp\/v2\/posts\/1157\/revisions"}],"wp:attachment":[{"href":"https:\/\/www.obispadorqta.org.ar\/v3\/wp-json\/wp\/v2\/media?parent=1157"}],"wp:term":[{"taxonomy":"category","embeddable":true,"href":"https:\/\/www.obispadorqta.org.ar\/v3\/wp-json\/wp\/v2\/categories?post=1157"},{"taxonomy":"post_tag","embeddable":true,"href":"https:\/\/www.obispadorqta.org.ar\/v3\/wp-json\/wp\/v2\/tags?post=1157"}],"curies":[{"name":"wp","href":"https:\/\/api.w.org\/{rel}","templated":true}]}}