{"id":1158,"date":"2015-11-05T15:20:52","date_gmt":"2015-11-05T15:20:52","guid":{"rendered":"http:\/\/www.obispadorqta.org.ar\/v3\/donananana\/"},"modified":"2015-11-05T15:20:52","modified_gmt":"2015-11-05T15:20:52","slug":"donananana","status":"publish","type":"post","link":"https:\/\/www.obispadorqta.org.ar\/v3\/donananana\/","title":{"rendered":"D\u00eda Nacional del Donante Voluntario de Sangre"},"content":{"rendered":"<div style=\"text-align: center\"><img loading=\"lazy\" decoding=\"async\" src=\"https:\/\/fbcdn-sphotos-f-a.akamaihd.net\/hphotos-ak-xaf1\/v\/t1.0-9\/12190063_880991988663960_7049335270756479480_n.jpg?oh=0947d04becf94f068001780f503ccd2f&#038;oe=56BE8195&#038;__gda__=1455989796_bde68e50cf916b58fb77445ea0b814a5\" border=\"0\" width=\"400\" height=\"266\" \/><\/div>\n<div>\u00a0<\/div>\n<div style=\"text-align: justify\"><\/div>\n<div style=\"text-align: justify\">En el marco del D\u00eda Nacional del Donante Voluntario de Sangre a celebrarse el pr\u00f3ximo lunes 9 de noviembre, El Obispado de Reconquista y el Equipo de Pastoral Social de la di\u00f3cesis, afirmamos que la donaci\u00f3n de sangre es un gran acto de amor al pr\u00f3jimo, ya que significa poder sentir al otro cercano y necesitado de ayuda. Es saberse peque\u00f1o ante el milagro de la Vida dada por Dios.\u00a0<\/div>\n<div style=\"text-align: justify\">Invitamos a la poblaci\u00f3n de Reconquista a tomar conciencia y a comprometernos con los dem\u00e1s en este acto cargado de amor y entrega, sabiendo que cuando donamos sangre, estamos dando vida a nuestro pr\u00f3jimo.\u00a0<\/div>\n<div style=\"text-align: justify\">\u00abDONAR VIDA EN VIDA\u00bb, dar amor, entregarse uno mismo por el bien del otro. \u00a1Seamos solidarios con nuestros hermanos!<\/div>\n<div style=\"text-align: justify\"><\/div>\n<div style=\"text-align: right\">Equipo Diocesano de Pastoral Social<\/div>\n<div style=\"text-align: justify\"><\/div>\n<div style=\"text-align: right\">Mons. \u00c1ngel Jos\u00e9 Mac\u00edn<\/div>\n<div style=\"text-align: right\">Obispo de Reconquista.<\/div>\n","protected":false},"excerpt":{"rendered":"<div class=\"mh-excerpt\"><p>\u00a0 En el marco del D\u00eda Nacional del Donante Voluntario de Sangre a celebrarse el pr\u00f3ximo lunes 9 de noviembre, El Obispado de Reconquista y <a class=\"mh-excerpt-more\" href=\"https:\/\/www.obispadorqta.org.ar\/v3\/donananana\/\" title=\"D\u00eda Nacional del Donante Voluntario de Sangre\">[&#8230;]<\/a><\/p>\n<\/div>","protected":false},"author":1,"featured_media":0,"comment_status":"open","ping_status":"open","sticky":false,"template":"","format":"standard","meta":{"footnotes":""},"categories":[28],"tags":[],"class_list":["post-1158","post","type-post","status-publish","format-standard","hentry","category-latest-news"],"_links":{"self":[{"href":"https:\/\/www.obispadorqta.org.ar\/v3\/wp-json\/wp\/v2\/posts\/1158","targetHints":{"allow":["GET"]}}],"collection":[{"href":"https:\/\/www.obispadorqta.org.ar\/v3\/wp-json\/wp\/v2\/posts"}],"about":[{"href":"https:\/\/www.obispadorqta.org.ar\/v3\/wp-json\/wp\/v2\/types\/post"}],"author":[{"embeddable":true,"href":"https:\/\/www.obispadorqta.org.ar\/v3\/wp-json\/wp\/v2\/users\/1"}],"replies":[{"embeddable":true,"href":"https:\/\/www.obispadorqta.org.ar\/v3\/wp-json\/wp\/v2\/comments?post=1158"}],"version-history":[{"count":0,"href":"https:\/\/www.obispadorqta.org.ar\/v3\/wp-json\/wp\/v2\/posts\/1158\/revisions"}],"wp:attachment":[{"href":"https:\/\/www.obispadorqta.org.ar\/v3\/wp-json\/wp\/v2\/media?parent=1158"}],"wp:term":[{"taxonomy":"category","embeddable":true,"href":"https:\/\/www.obispadorqta.org.ar\/v3\/wp-json\/wp\/v2\/categories?post=1158"},{"taxonomy":"post_tag","embeddable":true,"href":"https:\/\/www.obispadorqta.org.ar\/v3\/wp-json\/wp\/v2\/tags?post=1158"}],"curies":[{"name":"wp","href":"https:\/\/api.w.org\/{rel}","templated":true}]}}