{"id":11594,"date":"2025-10-22T14:33:28","date_gmt":"2025-10-22T17:33:28","guid":{"rendered":"https:\/\/www.obispadorqta.org.ar\/v3\/?p=11594"},"modified":"2025-10-22T14:33:46","modified_gmt":"2025-10-22T17:33:46","slug":"profesion-solemne","status":"publish","type":"post","link":"https:\/\/www.obispadorqta.org.ar\/v3\/profesion-solemne\/","title":{"rendered":"Profesi\u00f3n Solemne"},"content":{"rendered":"<p style=\"text-align: justify;\">Desde el Obispado de Reconquista, hacemos extensiva la invitaci\u00f3n de los Hermanos Servitas a participar de la Profesi\u00f3n Solemne de Fray Reycar Mar\u00eda Castro O.S.M.<\/p>\n<p style=\"text-align: justify;\"><em>\u00abQuerido pueblo fiel, que hace vida en nuestras celebraciones y pastoral parroquial, con alegr\u00eda y gratitud al Se\u00f1or, nuestra Provincia Santa Mar\u00eda de los Andes de la Orden de los Siervos de Mar\u00eda, Nuestra comunidad Nuestra Se\u00f1ora de la Asunsi\u00f3n de las Toscas, desea compartir con ustedes un momento muy especial en el camino vocacional de nuestro hermano Reycar dentro de la Orden. Por gracia de Dios y bajo la mirada amorosa de la Virgen Sant\u00edsima, Fray Reycar, profesar\u00e1 sus Votos Solemnes de castidad, pobreza y obediencia, con los cuales se consagra definitiva y plenamente a Cristo en nuestra Familia Religiosa.<\/em><\/p>\n<p style=\"text-align: justify;\"><em>Por eso, les invitamos a acompa\u00f1arle con sus oraciones, y a quienes puedan, estar presentes en el triduo preparatorio vocacional que se estar\u00e1 rezando los dias 22, 23 y 24 de Octubre a las 20h y el S\u00e1bado 25 de Octubre a la celebraci\u00f3n de la Santa Misa solemne donde porfesar\u00e1 sus votos, en templo parroquial de ciudad de las Toscas, Santa fe- Argentina.<\/em><\/p>\n<p style=\"text-align: justify;\"><em>Su cercan\u00eda espiritual y fraterna ser\u00e1 un gran apoyo en este paso decisivo de entrega y servicio a Dios y a la Iglesia&#8230; les esperamos e invitamos que oren estos dias previos por y con el hermano Reycar. Que Mar\u00eda Santisima bendiga su entrega generosa al servicio de Dios y de la Iglesia\u00bb.<\/em><\/p>\n<p>\u00a0<\/p>\n\n\n<figure class=\"wp-block-image size-large\"><img loading=\"lazy\" decoding=\"async\" width=\"1024\" height=\"1024\" src=\"https:\/\/www.obispadorqta.org.ar\/v3\/wp-content\/uploads\/2025\/10\/565708354_1324696919197842_6789690298527073192_n-1024x1024.jpg\" alt=\"\" class=\"wp-image-11596\" srcset=\"https:\/\/www.obispadorqta.org.ar\/v3\/wp-content\/uploads\/2025\/10\/565708354_1324696919197842_6789690298527073192_n-1024x1024.jpg 1024w, https:\/\/www.obispadorqta.org.ar\/v3\/wp-content\/uploads\/2025\/10\/565708354_1324696919197842_6789690298527073192_n-300x300.jpg 300w, https:\/\/www.obispadorqta.org.ar\/v3\/wp-content\/uploads\/2025\/10\/565708354_1324696919197842_6789690298527073192_n-150x150.jpg 150w, https:\/\/www.obispadorqta.org.ar\/v3\/wp-content\/uploads\/2025\/10\/565708354_1324696919197842_6789690298527073192_n-768x768.jpg 768w, https:\/\/www.obispadorqta.org.ar\/v3\/wp-content\/uploads\/2025\/10\/565708354_1324696919197842_6789690298527073192_n.jpg 1512w\" sizes=\"auto, (max-width: 1024px) 100vw, 1024px\" \/><\/figure>\n\n\n\n<figure class=\"wp-block-image size-large\"><img loading=\"lazy\" decoding=\"async\" width=\"1024\" height=\"1024\" src=\"https:\/\/www.obispadorqta.org.ar\/v3\/wp-content\/uploads\/2025\/10\/565657970_1324696829197851_5887625874852943822_n-1024x1024.jpg\" alt=\"\" class=\"wp-image-11597\" srcset=\"https:\/\/www.obispadorqta.org.ar\/v3\/wp-content\/uploads\/2025\/10\/565657970_1324696829197851_5887625874852943822_n-1024x1024.jpg 1024w, https:\/\/www.obispadorqta.org.ar\/v3\/wp-content\/uploads\/2025\/10\/565657970_1324696829197851_5887625874852943822_n-300x300.jpg 300w, https:\/\/www.obispadorqta.org.ar\/v3\/wp-content\/uploads\/2025\/10\/565657970_1324696829197851_5887625874852943822_n-150x150.jpg 150w, https:\/\/www.obispadorqta.org.ar\/v3\/wp-content\/uploads\/2025\/10\/565657970_1324696829197851_5887625874852943822_n-768x768.jpg 768w, https:\/\/www.obispadorqta.org.ar\/v3\/wp-content\/uploads\/2025\/10\/565657970_1324696829197851_5887625874852943822_n.jpg 1512w\" sizes=\"auto, (max-width: 1024px) 100vw, 1024px\" \/><\/figure>\n\n\n\n<figure class=\"wp-block-image size-large\"><img loading=\"lazy\" decoding=\"async\" width=\"1024\" height=\"1024\" src=\"https:\/\/www.obispadorqta.org.ar\/v3\/wp-content\/uploads\/2025\/10\/561540553_1324696832531184_4621481645504486625_n-1024x1024.jpg\" alt=\"\" class=\"wp-image-11598\" srcset=\"https:\/\/www.obispadorqta.org.ar\/v3\/wp-content\/uploads\/2025\/10\/561540553_1324696832531184_4621481645504486625_n-1024x1024.jpg 1024w, https:\/\/www.obispadorqta.org.ar\/v3\/wp-content\/uploads\/2025\/10\/561540553_1324696832531184_4621481645504486625_n-300x300.jpg 300w, https:\/\/www.obispadorqta.org.ar\/v3\/wp-content\/uploads\/2025\/10\/561540553_1324696832531184_4621481645504486625_n-150x150.jpg 150w, https:\/\/www.obispadorqta.org.ar\/v3\/wp-content\/uploads\/2025\/10\/561540553_1324696832531184_4621481645504486625_n-768x768.jpg 768w, https:\/\/www.obispadorqta.org.ar\/v3\/wp-content\/uploads\/2025\/10\/561540553_1324696832531184_4621481645504486625_n.jpg 1512w\" sizes=\"auto, (max-width: 1024px) 100vw, 1024px\" \/><\/figure>\n\n\n\n<figure class=\"wp-block-image size-large\"><img loading=\"lazy\" decoding=\"async\" width=\"1024\" height=\"1024\" src=\"https:\/\/www.obispadorqta.org.ar\/v3\/wp-content\/uploads\/2025\/10\/519672386_1324696859197848_8589569655020508454_n-1024x1024.jpg\" alt=\"\" class=\"wp-image-11599\" srcset=\"https:\/\/www.obispadorqta.org.ar\/v3\/wp-content\/uploads\/2025\/10\/519672386_1324696859197848_8589569655020508454_n-1024x1024.jpg 1024w, https:\/\/www.obispadorqta.org.ar\/v3\/wp-content\/uploads\/2025\/10\/519672386_1324696859197848_8589569655020508454_n-300x300.jpg 300w, https:\/\/www.obispadorqta.org.ar\/v3\/wp-content\/uploads\/2025\/10\/519672386_1324696859197848_8589569655020508454_n-150x150.jpg 150w, https:\/\/www.obispadorqta.org.ar\/v3\/wp-content\/uploads\/2025\/10\/519672386_1324696859197848_8589569655020508454_n-768x768.jpg 768w, https:\/\/www.obispadorqta.org.ar\/v3\/wp-content\/uploads\/2025\/10\/519672386_1324696859197848_8589569655020508454_n.jpg 1512w\" sizes=\"auto, (max-width: 1024px) 100vw, 1024px\" \/><\/figure>\n","protected":false},"excerpt":{"rendered":"<div class=\"mh-excerpt\"><p>Desde el Obispado de Reconquista, hacemos extensiva la invitaci\u00f3n de los Hermanos Servitas a participar de la Profesi\u00f3n Solemne de Fray Reycar Mar\u00eda Castro O.S.M. <a class=\"mh-excerpt-more\" href=\"https:\/\/www.obispadorqta.org.ar\/v3\/profesion-solemne\/\" title=\"Profesi\u00f3n Solemne\">[&#8230;]<\/a><\/p>\n<\/div>","protected":false},"author":5,"featured_media":11595,"comment_status":"closed","ping_status":"open","sticky":false,"template":"","format":"standard","meta":{"footnotes":""},"categories":[6,28],"tags":[],"class_list":["post-11594","post","type-post","status-publish","format-standard","has-post-thumbnail","hentry","category-news","category-latest-news"],"_links":{"self":[{"href":"https:\/\/www.obispadorqta.org.ar\/v3\/wp-json\/wp\/v2\/posts\/11594","targetHints":{"allow":["GET"]}}],"collection":[{"href":"https:\/\/www.obispadorqta.org.ar\/v3\/wp-json\/wp\/v2\/posts"}],"about":[{"href":"https:\/\/www.obispadorqta.org.ar\/v3\/wp-json\/wp\/v2\/types\/post"}],"author":[{"embeddable":true,"href":"https:\/\/www.obispadorqta.org.ar\/v3\/wp-json\/wp\/v2\/users\/5"}],"replies":[{"embeddable":true,"href":"https:\/\/www.obispadorqta.org.ar\/v3\/wp-json\/wp\/v2\/comments?post=11594"}],"version-history":[{"count":3,"href":"https:\/\/www.obispadorqta.org.ar\/v3\/wp-json\/wp\/v2\/posts\/11594\/revisions"}],"predecessor-version":[{"id":11602,"href":"https:\/\/www.obispadorqta.org.ar\/v3\/wp-json\/wp\/v2\/posts\/11594\/revisions\/11602"}],"wp:featuredmedia":[{"embeddable":true,"href":"https:\/\/www.obispadorqta.org.ar\/v3\/wp-json\/wp\/v2\/media\/11595"}],"wp:attachment":[{"href":"https:\/\/www.obispadorqta.org.ar\/v3\/wp-json\/wp\/v2\/media?parent=11594"}],"wp:term":[{"taxonomy":"category","embeddable":true,"href":"https:\/\/www.obispadorqta.org.ar\/v3\/wp-json\/wp\/v2\/categories?post=11594"},{"taxonomy":"post_tag","embeddable":true,"href":"https:\/\/www.obispadorqta.org.ar\/v3\/wp-json\/wp\/v2\/tags?post=11594"}],"curies":[{"name":"wp","href":"https:\/\/api.w.org\/{rel}","templated":true}]}}