{"id":1161,"date":"2015-11-06T12:54:28","date_gmt":"2015-11-06T12:54:28","guid":{"rendered":"http:\/\/www.obispadorqta.org.ar\/v3\/8-de-noviembre-dia-nacional-del-enfermo\/"},"modified":"2015-11-06T12:54:28","modified_gmt":"2015-11-06T12:54:28","slug":"8-de-noviembre-dia-nacional-del-enfermo","status":"publish","type":"post","link":"https:\/\/www.obispadorqta.org.ar\/v3\/8-de-noviembre-dia-nacional-del-enfermo\/","title":{"rendered":"8 de noviembre: D\u00eda Nacional del Enfermo"},"content":{"rendered":"<div align=\"center\" style=\"font-family: Arial,Helvetica,sans-serif; font-size: 12px\"><font color=\"#000000\"><em><strong style=\"font-family: Arial,Helvetica,sans-serif; font-size: 10px; font-style: normal; line-height: normal\"><\/p>\n<div style=\"text-align: center\"><img loading=\"lazy\" decoding=\"async\" src=\"http:\/\/www.episcopado.org\/portal\/media\/k2\/items\/cache\/53eba983c09b2ad2c10bfc8ddb9a07aa_L.jpg\" border=\"0\" width=\"401\" height=\"284\" \/><\/div>\n<p><\/strong><\/em><\/font><\/div>\n<div align=\"center\" style=\"font-family: Verdana,Arial,Helvetica,sans-serif; font-size: 14px\"> <font color=\"#000000\"><em><strong style=\"font-family: Arial,Helvetica,sans-serif; font-size: 10px; font-style: normal; line-height: normal\">Carta Pastoral a las comunidades <\/strong><\/em><\/font><\/p>\n<p><em><font color=\"#000000\"><strong style=\"font-family: Arial,Helvetica,sans-serif; font-size: 10px; font-style: normal; line-height: normal\">\u201cPonele coraz\u00f3n, am\u00e1 a los enfermos\u201d.<\/strong><\/font><br \/><\/em><\/div>\n<p><font color=\"#000000\"><em><strong style=\"font-family: Arial,Helvetica,sans-serif; font-size: 10px; font-style: normal; line-height: normal\"><br \/><\/strong><\/em><\/font><\/p>\n<div align=\"justify\"><font color=\"#000000\"><em><span style=\"font-family: Arial,Helvetica,sans-serif; font-size: 10px; font-style: normal; line-height: normal\">Queridos hermanos: <\/span><\/em><\/font><\/p>\n<p><font color=\"#000000\"><em><span style=\"font-family: Arial,Helvetica,sans-serif; font-size: 10px; font-style: normal; line-height: normal\">El Papa Francisco nos pide este a\u00f1o, en su mensaje para la XXIII Jornada Mundial del Enfermo, que vivamos en la perspectiva de la sapientia cordis, la sabidur\u00eda del coraz\u00f3n. Hemos querido, como Comisi\u00f3n Episcopal, dejar que un mismo tema nos una para celebrar el D\u00eda Nacional del Enfermo, para que, trabaj\u00e1ndolo en nuestras comunidades, podamos recuperar la mirada hacia los que sufren con actitud contemplativa. Esta sabidur\u00eda no es un conocimiento te\u00f3rico, abstracto, fruto de razonamientos, sino una\u00a0actitud infundida por el Esp\u00edritu Santo\u00a0en la mente y en el coraz\u00f3n de quien sabe abrirse al sufrimiento de los hermanos y reconoce en ellos la imagen de Dios.<\/span><\/em><\/font><\/p>\n<p><font color=\"#000000\"><em><span style=\"font-family: Arial,Helvetica,sans-serif; font-size: 10px; font-style: normal; line-height: normal\">Sabidur\u00eda del coraz\u00f3n es servir al hermano. Cu\u00e1ntos cristianos dan testimonio tambi\u00e9n hoy, no con las palabras, sino con su vida radicada en una fe genuina, estando junto a los enfermos\u00a0 que tienen necesidad de una asistencia continuada, de una ayuda para lavarse, para vestirse, para alimentarse. Este servicio, especialmente cuando se prolonga en el tiempo, se puede volver fatigoso y pesado. Es relativamente f\u00e1cil servir por algunos d\u00edas, pero es dif\u00edcil cuidar de una persona durante meses o incluso durante a\u00f1os, incluso cuando ella ya no es capaz de agradecer. Y, sin embargo, es un gran camino de santificaci\u00f3n. En estas circunstancias, \u00a1qu\u00e9 importante que es la familia!, y \u00a1cu\u00e1n dif\u00edcil es a veces tener un ser querido enfermo! Los familiares tambi\u00e9n necesitan de la cercan\u00eda del Se\u00f1or, y del apoyo especial de la Iglesia.<\/span><\/em><\/font><\/p>\n<p><font color=\"#000000\"><em><span style=\"font-family: Arial,Helvetica,sans-serif; font-size: 10px; font-style: normal; line-height: normal\">Sabidur\u00eda del coraz\u00f3n es estar con el hermano. En este A\u00f1o de la Vida Consagrada, c\u00f3mo no resaltar y agradecer los testimonios de entrega de tantos consagradas y consagrados que, a lo largo de la historia, han donado su vida y, junto a los enfermos y sufrientes, siguen siendo imagen de Jes\u00fas. C\u00f3mo no reconocer ese generoso acompa\u00f1amiento, tantas veces silencioso y no lo suficientemente valorado, para confortar y consolar con cercan\u00eda y amor. Hombres y mujeres, profetas del Reino en el mundo de la salud, testigos de la fe y la caridad, que anuncian con su entrega cotidiana: \u201cYo estoy en medio de ustedes como el que sirve\u201d (Lc 22,27)<\/span><\/em><\/font><\/p>\n<p><font color=\"#000000\"><em><span style=\"font-family: Arial,Helvetica,sans-serif; font-size: 10px; font-style: normal; line-height: normal\">Sabidur\u00eda del coraz\u00f3n es salir de s\u00ed hacia el hermano. A veces nuestro mundo olvida el valor especial del tiempo empleado junto a la cama del enfermo, nos olvidamos de la dimensi\u00f3n de la gratuidad, del ocuparse, desconociendo aquella palabra del Se\u00f1or, que dice: \u00abA m\u00ed me lo hicisteis\u00bb (Mt\u00a025,40).<\/span><\/em><\/font><\/p>\n<p><font color=\"#000000\"><em><span style=\"font-family: Arial,Helvetica,sans-serif; font-size: 10px; font-style: normal; line-height: normal\">Sabidur\u00eda del coraz\u00f3n es ser solidarios con el hermano sin juzgarlo. La caridad tiene necesidad de tiempo para curar a los enfermos, para visitarles, para estar junto a ellos, como hicieron los amigos de Job: \u00abLuego se sentaron en el suelo junto a \u00e9l, durante siete d\u00edas y siete noches. Y ninguno le dijo una palabra, porque ve\u00edan que el dolor era muy grande\u00bb (Jb2,13). La caridad verdadera, es participaci\u00f3n que no juzga. La experiencia de Job encuentra su respuesta aut\u00e9ntica s\u00f3lo en la Cruz de Jes\u00fas, acto supremo de solidaridad de Dios con nosotros, totalmente gratuito, totalmente misericordioso. Y esta respuesta de amor al drama del dolor humano, especialmente del dolor inocente, permanece para siempre impregnada en el cuerpo de Cristo resucitado, en sus llagas gloriosas, que son esc\u00e1ndalo para la fe pero tambi\u00e9n son verificaci\u00f3n de la fe (Cf.\u00a0Homil\u00eda con ocasi\u00f3n de la canonizaci\u00f3n de Juan XXIII y Juan Pablo II, 27 de abril de 2014).<\/span><\/em><\/font><\/p>\n<p><font color=\"#000000\"><em><span style=\"font-family: Arial,Helvetica,sans-serif; font-size: 10px; font-style: normal; line-height: normal\">Mar\u00eda, Sede de la Sabidur\u00eda, intercede, como Madre nuestra por todos los enfermos y los que se ocupan de ellos. Haz que en el servicio al pr\u00f3jimo que sufre y a trav\u00e9s de la misma experiencia del dolor, podamos acoger y hacer crecer en nosotros la verdadera sabidur\u00eda del coraz\u00f3n.<\/span><\/em><\/font><\/p>\n<p><font color=\"#000000\"><em><span style=\"font-family: Arial,Helvetica,sans-serif; font-size: 10px; font-style: normal; line-height: normal\">+ Mons. Alberto G. Bochatey, O.S.A.\u00a0 (Presidente)<\/span><\/em><\/font><font color=\"#000000\"><em><span style=\"font-family: Arial,Helvetica,sans-serif; font-size: 10px; font-style: normal; line-height: normal\"><em>\u00a0\u00a0 <\/em>+ Mons. Ricardo Faifer\u00a0\u00a0\u00a0\u00a0 + Mons. Oscar Sarlinga\u00a0\u00a0\u00a0\u00a0 + Mons. Luis Urbanc<\/span><\/em><\/font><\/div>\n<p><font color=\"#000000\"><em><strong style=\"font-family: Arial,Helvetica,sans-serif; font-size: 10px; font-style: normal; line-height: normal\"><br \/><\/strong><\/em><\/font><\/p>\n","protected":false},"excerpt":{"rendered":"<div class=\"mh-excerpt\"><div align=\"center\" style=\"font-family: Arial,Helvetica,sans-serif; font-size: 12px\"><font color=\"#000000\"><em><strong style=\"font-family: Arial,Helvetica,sans-serif; font-size: 10px; font-style: normal; line-height: normal\"><\/p>\n<div style=\"text-align: center\"><img loading=\"lazy\" decoding=\"async\" src=\"http:\/\/www.episcopado.org\/portal\/media\/k2\/items\/cache\/53eba983c09b2ad2c10bfc8ddb9a07aa_L.jpg\" border=\"0\" width=\"401\" height=\"284\" \/><\/div>\n<p><\/strong><\/em><\/font><\/div>\n<div align=\"center\" style=\"font-family: Verdana,Arial,Helvetica,sans-serif; font-size: 14px\">\n<\/div>","protected":false},"author":1,"featured_media":0,"comment_status":"open","ping_status":"open","sticky":false,"template":"","format":"standard","meta":{"footnotes":""},"categories":[28],"tags":[],"class_list":["post-1161","post","type-post","status-publish","format-standard","hentry","category-latest-news"],"_links":{"self":[{"href":"https:\/\/www.obispadorqta.org.ar\/v3\/wp-json\/wp\/v2\/posts\/1161","targetHints":{"allow":["GET"]}}],"collection":[{"href":"https:\/\/www.obispadorqta.org.ar\/v3\/wp-json\/wp\/v2\/posts"}],"about":[{"href":"https:\/\/www.obispadorqta.org.ar\/v3\/wp-json\/wp\/v2\/types\/post"}],"author":[{"embeddable":true,"href":"https:\/\/www.obispadorqta.org.ar\/v3\/wp-json\/wp\/v2\/users\/1"}],"replies":[{"embeddable":true,"href":"https:\/\/www.obispadorqta.org.ar\/v3\/wp-json\/wp\/v2\/comments?post=1161"}],"version-history":[{"count":0,"href":"https:\/\/www.obispadorqta.org.ar\/v3\/wp-json\/wp\/v2\/posts\/1161\/revisions"}],"wp:attachment":[{"href":"https:\/\/www.obispadorqta.org.ar\/v3\/wp-json\/wp\/v2\/media?parent=1161"}],"wp:term":[{"taxonomy":"category","embeddable":true,"href":"https:\/\/www.obispadorqta.org.ar\/v3\/wp-json\/wp\/v2\/categories?post=1161"},{"taxonomy":"post_tag","embeddable":true,"href":"https:\/\/www.obispadorqta.org.ar\/v3\/wp-json\/wp\/v2\/tags?post=1161"}],"curies":[{"name":"wp","href":"https:\/\/api.w.org\/{rel}","templated":true}]}}