{"id":1163,"date":"2015-11-09T12:32:10","date_gmt":"2015-11-09T12:32:10","guid":{"rendered":"http:\/\/www.obispadorqta.org.ar\/v3\/ordenaciones-y-ministerios\/"},"modified":"2015-11-09T12:32:10","modified_gmt":"2015-11-09T12:32:10","slug":"ordenaciones-y-ministerios","status":"publish","type":"post","link":"https:\/\/www.obispadorqta.org.ar\/v3\/ordenaciones-y-ministerios\/","title":{"rendered":"ORDENACIONES Y MINISTERIOS"},"content":{"rendered":"<div align=\"justify\">\n<div style=\"text-align: center\"><img loading=\"lazy\" decoding=\"async\" src=\"https:\/\/fbcdn-sphotos-e-a.akamaihd.net\/hphotos-ak-xaf1\/v\/t1.0-9\/12036544_882573961839096_1377877408019770670_n.jpg?oh=cc02286ebcbe2747ac23c3fdbf0246bd&#038;oe=56C76D52&#038;__gda__=1458663139_5c81d5d3aa3d53cd2ed12b77cfe4b555\" border=\"0\" width=\"269\" height=\"298\" \/><\/div>\n<\/p><\/div>\n<div align=\"justify\"><font color=\"#000000\">Con gran alegr\u00eda, comunicamos a toda la comunidad diocesana que el 27 de Diciembre de 2015, Solemnidad de San Juan Evangelista, segundo patrono de la Di\u00f3cesis y fecha de cierre del A\u00f1o Vocacional diocesano, <strong>ser\u00e1 ordenado sacerdote en la Iglesia Catedral de Reconquista, el Di\u00e1cono Luciano Sebasti\u00e1n Molina.<\/strong><\/font><\/div>\n<div align=\"justify\"><font color=\"#000000\">\u00a0<\/font><\/div>\n<div align=\"justify\"><font color=\"#000000\">Para comienzos del a\u00f1o pr\u00f3ximo y ya en el marco del A\u00f1o de la Misericordia, est\u00e1 prevista la <strong>ordenaci\u00f3n sacerdotal del Di\u00e1cono Germ\u00e1n Ariel Acevedo<\/strong>. La misma se realizar\u00e1 el domingo 3 de abril de 2016, conocido como domingo de la Divina Misericordia.<\/font><\/div>\n<div align=\"justify\"><font color=\"#000000\">\u00a0<\/font><\/div>\n<div align=\"justify\"><font color=\"#000000\">Tambi\u00e9n para el viernes 11 de Diciembre de este a\u00f1o, el Obispo Diocesano, Mons. \u00c1ngel Jos\u00e9 Mac\u00edn conferir\u00e1 el <strong>ministerio del acolitado al seminarista Andr\u00e9s Esteban Vicente.<\/strong> La celebraci\u00f3n ser\u00e1 a las 20 hs., en el Templo Parroquial de la Parroquia Santa Ana de Florencia.<\/font><\/div>\n<div align=\"justify\"><font color=\"#000000\">\u00a0<\/font><\/div>\n<div align=\"justify\"><font color=\"#000000\">Agradecemos a Dios estos dones de su amor para con nuestra Iglesia Particular e invitamos a todos a acompa\u00f1ar con sus oraciones a estos elegidos suyos.<\/font><\/div>\n","protected":false},"excerpt":{"rendered":"<div class=\"mh-excerpt\"><div align=\"justify\">\n<div style=\"text-align: center\"><img loading=\"lazy\" decoding=\"async\" src=\"https:\/\/fbcdn-sphotos-e-a.akamaihd.net\/hphotos-ak-xaf1\/v\/t1.0-9\/12036544_882573961839096_1377877408019770670_n.jpg?oh=cc02286ebcbe2747ac23c3fdbf0246bd&#038;oe=56C76D52&#038;__gda__=1458663139_5c81d5d3aa3d53cd2ed12b77cfe4b555\" border=\"0\" width=\"269\" height=\"298\" \/><\/div>\n<\/div>","protected":false},"author":1,"featured_media":0,"comment_status":"open","ping_status":"open","sticky":false,"template":"","format":"standard","meta":{"footnotes":""},"categories":[28],"tags":[],"class_list":["post-1163","post","type-post","status-publish","format-standard","hentry","category-latest-news"],"_links":{"self":[{"href":"https:\/\/www.obispadorqta.org.ar\/v3\/wp-json\/wp\/v2\/posts\/1163","targetHints":{"allow":["GET"]}}],"collection":[{"href":"https:\/\/www.obispadorqta.org.ar\/v3\/wp-json\/wp\/v2\/posts"}],"about":[{"href":"https:\/\/www.obispadorqta.org.ar\/v3\/wp-json\/wp\/v2\/types\/post"}],"author":[{"embeddable":true,"href":"https:\/\/www.obispadorqta.org.ar\/v3\/wp-json\/wp\/v2\/users\/1"}],"replies":[{"embeddable":true,"href":"https:\/\/www.obispadorqta.org.ar\/v3\/wp-json\/wp\/v2\/comments?post=1163"}],"version-history":[{"count":0,"href":"https:\/\/www.obispadorqta.org.ar\/v3\/wp-json\/wp\/v2\/posts\/1163\/revisions"}],"wp:attachment":[{"href":"https:\/\/www.obispadorqta.org.ar\/v3\/wp-json\/wp\/v2\/media?parent=1163"}],"wp:term":[{"taxonomy":"category","embeddable":true,"href":"https:\/\/www.obispadorqta.org.ar\/v3\/wp-json\/wp\/v2\/categories?post=1163"},{"taxonomy":"post_tag","embeddable":true,"href":"https:\/\/www.obispadorqta.org.ar\/v3\/wp-json\/wp\/v2\/tags?post=1163"}],"curies":[{"name":"wp","href":"https:\/\/api.w.org\/{rel}","templated":true}]}}