{"id":1164,"date":"2015-11-12T12:43:16","date_gmt":"2015-11-12T12:43:16","guid":{"rendered":"http:\/\/www.obispadorqta.org.ar\/v3\/la-universidad-catolica-de-santa-fe-inaugura-sede-en-reconquista\/"},"modified":"2015-11-12T12:43:16","modified_gmt":"2015-11-12T12:43:16","slug":"la-universidad-catolica-de-santa-fe-inaugura-sede-en-reconquista","status":"publish","type":"post","link":"https:\/\/www.obispadorqta.org.ar\/v3\/la-universidad-catolica-de-santa-fe-inaugura-sede-en-reconquista\/","title":{"rendered":"La Universidad Cat\u00f3lica de Santa Fe inaugura Sede en Reconquista"},"content":{"rendered":"<div align=\"justify\"><font color=\"#000000\"><\/p>\n<div style=\"text-align: center\"><img loading=\"lazy\" decoding=\"async\" src=\"https:\/\/fbcdn-photos-h-a.akamaihd.net\/hphotos-ak-xtp1\/v\/t1.0-0\/p206x206\/12241700_883781458385013_5727172552930564881_n.jpg?oh=d1f50fa0e7b826d9c7a7419ef3221fa0&#038;oe=56AC9D96&#038;__gda__=1454423553_f904ede39fa0547bd98b3bafea21143c\" border=\"0\" width=\"349\" height=\"263\" \/><\/div>\n<p><\/font><\/div>\n<div align=\"justify\"> <\/div>\n<div align=\"justify\"><font color=\"#000000\">La Universidad Cat\u00f3lica de Santa Fe, inaugura este viernes su sede propia en la ciudad de Reconquista. <\/font><\/div>\n<div align=\"justify\">\u00a0<\/div>\n<div align=\"justify\"><font color=\"#000000\">El acto formal se llevar\u00e1 a cabo el viernes 13 de noviembre desde las 11 hs. y contar\u00e1 con la participaci\u00f3n de la presidente del directorio de la Universidad, Dra. Ruth del Carmen Casabianca, el rector, Mgter. Arq. Ricardo Mario Rocchetti, los vicerrectores acad\u00e9mico y de formaci\u00f3n, el Vicario General de la Di\u00f3cesis de Reconquista, Mons. Walter Guido V\u00e9nica, autoridades provinciales y municipales.<\/font><\/div>\n<div align=\"justify\">\u00a0<\/div>\n<div align=\"justify\"><font color=\"#000000\">En primera instancia, las autoridades de la Universidad realizar\u00e1n el tradicional corte de cintas con el que quedar\u00e1 formalmente inaugurado el edificio. Posteriormente se descubrir\u00e1n las placas recordatorias del Directorio de la UCSF, de las autoridades acad\u00e9micas de la Sede, APUC, ADUC y de los municipios de Reconquista y Avellaneda.<br \/>Tanto el edificio como las placas recordatorias ser\u00e1n bendecidos por el vicerrector de Formaci\u00f3n, Pbro. Lic. Carlos Scatizza.<\/font><\/div>\n<div align=\"justify\">\u00a0<\/div>\n<div align=\"justify\"><font color=\"#000000\">Desde el a\u00f1o 2000 la Universidad Cat\u00f3lica de Santa Fe ha prestado sus servicios, en Reconquista, en el Colegio San Jos\u00e9 y con el tiempo ha ido ampliando su propuesta acad\u00e9mica para dicha regi\u00f3n.<\/font><\/div>\n<div align=\"justify\">\u00a0<\/div>\n<div align=\"justify\"><font color=\"#000000\">Actualmente, la Facultad de Ciencias Econ\u00f3micas ofrece las carreras de: Contador P\u00fablico, Licenciatura en Administraci\u00f3n y Tecnicatura Universitaria Administrativo-Contable. La Facultad de Derecho y Ciencia Pol\u00edtica dicta Abogac\u00eda y Notariado y la Facultad de Humanidades, las Licenciaturas en Psicopedagog\u00eda y en Ciencias Sociales.<\/font><\/div>\n<div align=\"justify\">\u00a0<\/div>\n<div align=\"justify\"><font color=\"#000000\">El nuevo edificio de la UCSF (Universidad C\u00f3t\u00f3lica Santa Fe) Sede Reconquista est\u00e1 ubicado en la zona c\u00e9ntrica de la ciudad en cercan\u00edas de la Catedral y a una cuadra de la plaza principal. El mismo cuenta con 2.400 m2 que constituyen la planta baja y dos pisos en altura, 9 aulas para el dictado de las clases, biblioteca, sala de computaci\u00f3n, sala de reuniones, sala de administraci\u00f3n y gobierno y servicios generales.<\/font><\/div>\n","protected":false},"excerpt":{"rendered":"<div class=\"mh-excerpt\"><div align=\"justify\"><font color=\"#000000\"><\/p>\n<div style=\"text-align: center\"><img loading=\"lazy\" decoding=\"async\" src=\"https:\/\/fbcdn-photos-h-a.akamaihd.net\/hphotos-ak-xtp1\/v\/t1.0-0\/p206x206\/12241700_883781458385013_5727172552930564881_n.jpg?oh=d1f50fa0e7b826d9c7a7419ef3221fa0&#038;oe=56AC9D96&#038;__gda__=1454423553_f904ede39fa0547bd98b3bafea21143c\" border=\"0\" width=\"349\" height=\"263\" \/><\/div>\n<p><\/font><\/div>\n<div align=\"justify\">\n<\/div>","protected":false},"author":1,"featured_media":0,"comment_status":"open","ping_status":"open","sticky":false,"template":"","format":"standard","meta":{"footnotes":""},"categories":[28],"tags":[],"class_list":["post-1164","post","type-post","status-publish","format-standard","hentry","category-latest-news"],"_links":{"self":[{"href":"https:\/\/www.obispadorqta.org.ar\/v3\/wp-json\/wp\/v2\/posts\/1164","targetHints":{"allow":["GET"]}}],"collection":[{"href":"https:\/\/www.obispadorqta.org.ar\/v3\/wp-json\/wp\/v2\/posts"}],"about":[{"href":"https:\/\/www.obispadorqta.org.ar\/v3\/wp-json\/wp\/v2\/types\/post"}],"author":[{"embeddable":true,"href":"https:\/\/www.obispadorqta.org.ar\/v3\/wp-json\/wp\/v2\/users\/1"}],"replies":[{"embeddable":true,"href":"https:\/\/www.obispadorqta.org.ar\/v3\/wp-json\/wp\/v2\/comments?post=1164"}],"version-history":[{"count":0,"href":"https:\/\/www.obispadorqta.org.ar\/v3\/wp-json\/wp\/v2\/posts\/1164\/revisions"}],"wp:attachment":[{"href":"https:\/\/www.obispadorqta.org.ar\/v3\/wp-json\/wp\/v2\/media?parent=1164"}],"wp:term":[{"taxonomy":"category","embeddable":true,"href":"https:\/\/www.obispadorqta.org.ar\/v3\/wp-json\/wp\/v2\/categories?post=1164"},{"taxonomy":"post_tag","embeddable":true,"href":"https:\/\/www.obispadorqta.org.ar\/v3\/wp-json\/wp\/v2\/tags?post=1164"}],"curies":[{"name":"wp","href":"https:\/\/api.w.org\/{rel}","templated":true}]}}