{"id":1165,"date":"2015-11-13T14:27:43","date_gmt":"2015-11-13T14:27:43","guid":{"rendered":"http:\/\/www.obispadorqta.org.ar\/v3\/visita-al-papa-francisco\/"},"modified":"2015-11-13T14:27:43","modified_gmt":"2015-11-13T14:27:43","slug":"visita-al-papa-francisco","status":"publish","type":"post","link":"https:\/\/www.obispadorqta.org.ar\/v3\/visita-al-papa-francisco\/","title":{"rendered":"VISITA AL PAPA FRANCISCO"},"content":{"rendered":"<div style=\"text-align: center\"><img loading=\"lazy\" decoding=\"async\" src=\"https:\/\/fbcdn-photos-g-a.akamaihd.net\/hphotos-ak-xta1\/v\/t1.0-0\/s480x480\/12193331_884204421676050_3132330318930569342_n.jpg?oh=7e27f36ea3afb010dce3a422bca78d82&#038;oe=56BDC5C6&#038;__gda__=1458273203_658993709440af8628524501f949b185\" border=\"0\" width=\"284\" height=\"216\" \/><\/div>\n<div align=\"justify\">Tal como se vino anticipando por distintos medios, recordamos que el obispo diocesano de Reconquista y Presidente de la Comisi\u00f3n Episcopal de Pastoral Aborigen, Mons. \u00c1ngel Jos\u00e9 Mac\u00edn, parte el pr\u00f3ximo domingo para Roma, para asistir a una audiencia privada con el Santo Padre Francisco. La misma ser\u00e1 el viernes 20 de Noviembre, a las 17 hs., hora de Italia (13 hs. de la Argentina).<\/div>\n<p align=\"justify\">En la misma, Mons. Mac\u00edn presentar\u00e1 al sucesor de Pedro la situaci\u00f3n actual de la Pastoral Aborigen en Argentina y los desaf\u00edos por encarar en los pr\u00f3ximos a\u00f1os. Adem\u00e1s, conversar\u00e1 sobre algunos aspectos de la pastoral diocesana. Lo acompa\u00f1a en el viaje uno de los Vicarios Generales de la di\u00f3cesis, Mons. Omar Abel Faccioli.<\/p>\n<p>Rezamos para que este encuentro sea motivo de bendici\u00f3n para nuestra Iglesia Particular y para los pueblos originarios de nuestra patria.<\/p>\n","protected":false},"excerpt":{"rendered":"<div class=\"mh-excerpt\"><p>Tal como se vino anticipando por distintos medios, recordamos que el obispo diocesano de Reconquista y Presidente de la Comisi\u00f3n Episcopal de Pastoral Aborigen, Mons. <a class=\"mh-excerpt-more\" href=\"https:\/\/www.obispadorqta.org.ar\/v3\/visita-al-papa-francisco\/\" title=\"VISITA AL PAPA FRANCISCO\">[&#8230;]<\/a><\/p>\n<\/div>","protected":false},"author":1,"featured_media":0,"comment_status":"open","ping_status":"open","sticky":false,"template":"","format":"standard","meta":{"footnotes":""},"categories":[28],"tags":[],"class_list":["post-1165","post","type-post","status-publish","format-standard","hentry","category-latest-news"],"_links":{"self":[{"href":"https:\/\/www.obispadorqta.org.ar\/v3\/wp-json\/wp\/v2\/posts\/1165","targetHints":{"allow":["GET"]}}],"collection":[{"href":"https:\/\/www.obispadorqta.org.ar\/v3\/wp-json\/wp\/v2\/posts"}],"about":[{"href":"https:\/\/www.obispadorqta.org.ar\/v3\/wp-json\/wp\/v2\/types\/post"}],"author":[{"embeddable":true,"href":"https:\/\/www.obispadorqta.org.ar\/v3\/wp-json\/wp\/v2\/users\/1"}],"replies":[{"embeddable":true,"href":"https:\/\/www.obispadorqta.org.ar\/v3\/wp-json\/wp\/v2\/comments?post=1165"}],"version-history":[{"count":0,"href":"https:\/\/www.obispadorqta.org.ar\/v3\/wp-json\/wp\/v2\/posts\/1165\/revisions"}],"wp:attachment":[{"href":"https:\/\/www.obispadorqta.org.ar\/v3\/wp-json\/wp\/v2\/media?parent=1165"}],"wp:term":[{"taxonomy":"category","embeddable":true,"href":"https:\/\/www.obispadorqta.org.ar\/v3\/wp-json\/wp\/v2\/categories?post=1165"},{"taxonomy":"post_tag","embeddable":true,"href":"https:\/\/www.obispadorqta.org.ar\/v3\/wp-json\/wp\/v2\/tags?post=1165"}],"curies":[{"name":"wp","href":"https:\/\/api.w.org\/{rel}","templated":true}]}}