{"id":1168,"date":"2015-11-19T14:30:32","date_gmt":"2015-11-19T14:30:32","guid":{"rendered":"http:\/\/www.obispadorqta.org.ar\/v3\/monaguillos\/"},"modified":"2015-11-19T14:30:32","modified_gmt":"2015-11-19T14:30:32","slug":"monaguillos","status":"publish","type":"post","link":"https:\/\/www.obispadorqta.org.ar\/v3\/monaguillos\/","title":{"rendered":"Campamento para Monaguillos"},"content":{"rendered":"<div style=\"text-align: center\"><img loading=\"lazy\" decoding=\"async\" src=\"https:\/\/scontent-mia1-1.xx.fbcdn.net\/hphotos-xtf1\/v\/t1.0-9\/12239633_886628721433620_4305452190767874480_n.jpg?oh=6105a09b42dfab6339518d94266ccbe5&#038;oe=56AF58EF\" border=\"0\" width=\"400\" height=\"313\" \/><\/div>\n<div>\u00a0<\/div>\n<div style=\"text-align: justify\">Se realizar\u00e1 los d\u00edas 21 y 22 de noviembre en la escuela \u00abEFA Esp\u00edn\u00bb, y contar\u00e1 con la participaci\u00f3n de Monaguillos varones de toda la Di\u00f3cesis de Reconquista.<\/div>\n<div style=\"text-align: justify\"><\/div>\n<div style=\"text-align: justify\">Se dar\u00e1 comienzo a las 9:00 hs del d\u00eda s\u00e1bado 21 y finalizar\u00e1 al mediod\u00eda del domingo 22 de noviembre.<\/div>\n<div style=\"text-align: justify\"><\/div>\n<div style=\"text-align: justify\">Invitamos a acompa\u00f1ar con la oraci\u00f3n tanto a los participantes como los coordinadores de este campamento.<\/div>\n","protected":false},"excerpt":{"rendered":"<div class=\"mh-excerpt\"><p>\u00a0 Se realizar\u00e1 los d\u00edas 21 y 22 de noviembre en la escuela \u00abEFA Esp\u00edn\u00bb, y contar\u00e1 con la participaci\u00f3n de Monaguillos varones de toda <a class=\"mh-excerpt-more\" href=\"https:\/\/www.obispadorqta.org.ar\/v3\/monaguillos\/\" title=\"Campamento para Monaguillos\">[&#8230;]<\/a><\/p>\n<\/div>","protected":false},"author":1,"featured_media":0,"comment_status":"open","ping_status":"open","sticky":false,"template":"","format":"standard","meta":{"footnotes":""},"categories":[28],"tags":[],"class_list":["post-1168","post","type-post","status-publish","format-standard","hentry","category-latest-news"],"_links":{"self":[{"href":"https:\/\/www.obispadorqta.org.ar\/v3\/wp-json\/wp\/v2\/posts\/1168","targetHints":{"allow":["GET"]}}],"collection":[{"href":"https:\/\/www.obispadorqta.org.ar\/v3\/wp-json\/wp\/v2\/posts"}],"about":[{"href":"https:\/\/www.obispadorqta.org.ar\/v3\/wp-json\/wp\/v2\/types\/post"}],"author":[{"embeddable":true,"href":"https:\/\/www.obispadorqta.org.ar\/v3\/wp-json\/wp\/v2\/users\/1"}],"replies":[{"embeddable":true,"href":"https:\/\/www.obispadorqta.org.ar\/v3\/wp-json\/wp\/v2\/comments?post=1168"}],"version-history":[{"count":0,"href":"https:\/\/www.obispadorqta.org.ar\/v3\/wp-json\/wp\/v2\/posts\/1168\/revisions"}],"wp:attachment":[{"href":"https:\/\/www.obispadorqta.org.ar\/v3\/wp-json\/wp\/v2\/media?parent=1168"}],"wp:term":[{"taxonomy":"category","embeddable":true,"href":"https:\/\/www.obispadorqta.org.ar\/v3\/wp-json\/wp\/v2\/categories?post=1168"},{"taxonomy":"post_tag","embeddable":true,"href":"https:\/\/www.obispadorqta.org.ar\/v3\/wp-json\/wp\/v2\/tags?post=1168"}],"curies":[{"name":"wp","href":"https:\/\/api.w.org\/{rel}","templated":true}]}}