{"id":1169,"date":"2015-11-19T14:35:09","date_gmt":"2015-11-19T14:35:09","guid":{"rendered":"http:\/\/www.obispadorqta.org.ar\/v3\/mesjroma\/"},"modified":"2015-11-19T14:35:09","modified_gmt":"2015-11-19T14:35:09","slug":"mesjroma","status":"publish","type":"post","link":"https:\/\/www.obispadorqta.org.ar\/v3\/mesjroma\/","title":{"rendered":"Mensaje desde Roma"},"content":{"rendered":"<div style=\"text-align: center\"><img loading=\"lazy\" decoding=\"async\" src=\"https:\/\/scontent-mia1-1.xx.fbcdn.net\/hphotos-xfp1\/v\/t1.0-9\/12240083_886631228100036_7231786083249847859_n.jpg?oh=4d7b29bf0e1486c78d6a22c696224d6b&#038;oe=56EFA7BA\" border=\"0\" width=\"420\" height=\"279\" \/><\/div>\n<div>\u00a0<\/div>\n<div style=\"text-align: justify\">Queridos hermanos y hermanas:<\/div>\n<div style=\"text-align: justify\"><\/div>\n<div style=\"text-align: justify\">Les escribo brevemente desde Roma. Ayer pude saludar personalmente al Santo Padre y decirle: \u00aben la Di\u00f3cesis de Reconquista lo queremos mucho y rezamos siempre por usted\u00bb. Les aseguro que cada uno de ustedes ha estado presente en ese momento en mi coraz\u00f3n.<\/div>\n<div style=\"text-align: justify\">El Papa Francisco se mostr\u00f3 muy atento y cordial, env\u00eda su bendici\u00f3n y pide que sigamos rezando por \u00e9l.<\/div>\n<div style=\"text-align: justify\">Les env\u00edo una foto del encuentro, autorizada por el servicio fotogr\u00e1fico vaticano, para compartir algo m\u00e1s de este encuentro de fe y comuni\u00f3n apost\u00f3lica.<\/div>\n<div style=\"text-align: justify\">Junto al P. Omar, sigo con mis actividades, a la espera de la conversaci\u00f3n privada con el Papa. Tambi\u00e9n hay un grupo de personas de los equipos de pastoral diocesana, participando de un Congreso Mundial de Educaci\u00f3n Cat\u00f3lica. Les pido que recen por todos nosotros.<\/div>\n<div style=\"text-align: justify\">Con el deseo de reencontrarnos pronto, desde este lugar tan significativo, les env\u00edo mi afecto y bendici\u00f3n.<\/div>\n<div style=\"text-align: justify\"><\/div>\n<div style=\"text-align: right\">Mons. \u00c1ngel Jos\u00e9 Mac\u00edn<\/div>\n<div style=\"text-align: right\">Obispo de Reconquista<\/div>\n","protected":false},"excerpt":{"rendered":"<div class=\"mh-excerpt\"><p>\u00a0 Queridos hermanos y hermanas: Les escribo brevemente desde Roma. Ayer pude saludar personalmente al Santo Padre y decirle: \u00aben la Di\u00f3cesis de Reconquista lo <a class=\"mh-excerpt-more\" href=\"https:\/\/www.obispadorqta.org.ar\/v3\/mesjroma\/\" title=\"Mensaje desde Roma\">[&#8230;]<\/a><\/p>\n<\/div>","protected":false},"author":1,"featured_media":0,"comment_status":"open","ping_status":"open","sticky":false,"template":"","format":"standard","meta":{"footnotes":""},"categories":[28],"tags":[],"class_list":["post-1169","post","type-post","status-publish","format-standard","hentry","category-latest-news"],"_links":{"self":[{"href":"https:\/\/www.obispadorqta.org.ar\/v3\/wp-json\/wp\/v2\/posts\/1169","targetHints":{"allow":["GET"]}}],"collection":[{"href":"https:\/\/www.obispadorqta.org.ar\/v3\/wp-json\/wp\/v2\/posts"}],"about":[{"href":"https:\/\/www.obispadorqta.org.ar\/v3\/wp-json\/wp\/v2\/types\/post"}],"author":[{"embeddable":true,"href":"https:\/\/www.obispadorqta.org.ar\/v3\/wp-json\/wp\/v2\/users\/1"}],"replies":[{"embeddable":true,"href":"https:\/\/www.obispadorqta.org.ar\/v3\/wp-json\/wp\/v2\/comments?post=1169"}],"version-history":[{"count":0,"href":"https:\/\/www.obispadorqta.org.ar\/v3\/wp-json\/wp\/v2\/posts\/1169\/revisions"}],"wp:attachment":[{"href":"https:\/\/www.obispadorqta.org.ar\/v3\/wp-json\/wp\/v2\/media?parent=1169"}],"wp:term":[{"taxonomy":"category","embeddable":true,"href":"https:\/\/www.obispadorqta.org.ar\/v3\/wp-json\/wp\/v2\/categories?post=1169"},{"taxonomy":"post_tag","embeddable":true,"href":"https:\/\/www.obispadorqta.org.ar\/v3\/wp-json\/wp\/v2\/tags?post=1169"}],"curies":[{"name":"wp","href":"https:\/\/api.w.org\/{rel}","templated":true}]}}