{"id":1172,"date":"2015-12-03T12:02:30","date_gmt":"2015-12-03T12:02:30","guid":{"rendered":"http:\/\/www.obispadorqta.org.ar\/v3\/qno-al-narcotrafico-si-a-la-vida-plenaq\/"},"modified":"2015-12-03T12:02:30","modified_gmt":"2015-12-03T12:02:30","slug":"qno-al-narcotrafico-si-a-la-vida-plenaq","status":"publish","type":"post","link":"https:\/\/www.obispadorqta.org.ar\/v3\/qno-al-narcotrafico-si-a-la-vida-plenaq\/","title":{"rendered":"\u00abNo al narcotr\u00e1fico, s\u00ed a la vida plena\u00bb"},"content":{"rendered":"<div style=\"text-align: center\"><img loading=\"lazy\" decoding=\"async\" src=\"http:\/\/www.episcopado.org\/portal\/media\/k2\/items\/cache\/7d13cc638b031f8ce1bae1b0204ae77c_XL.jpg\" border=\"0\" width=\"400\" height=\"255\" \/><\/div>\n<div align=\"justify\">\u00a0<\/div>\n<div align=\"justify\"><strong>El martes 1\u00ba de diciembre, se dio a conocer, en la sede del Episcopado, el documento: \u201cNo al narcotr\u00e1fico, s\u00ed a la vida plena\u201d.<\/strong><\/div>\n<div align=\"justify\">\u00a0<\/div>\n<div align=\"justify\"><strong>Presentaron el mismo, Mons. Jos\u00e9 Mar\u00eda Arancedo, Presidente de la Conferencia Episcopal, Mons. Jorge Lozano, Presidente de la Comisi\u00f3n Episcopal de Pastoral Social y Mons. Fernando Maletti, responsable de la Comisi\u00f3n Nacional de drogadependencia.<\/strong><\/div>\n<div align=\"justify\"> <\/div>\n<div align=\"justify\">\n<div class=\"itemIntroText\" style=\"margin: 0px; padding: 4px 0px 12px; border: 0px none; outline: none 0px; font-size: 13px; vertical-align: baseline; font-weight: normal; line-height: 23.4px; color: #555555; font-family: Arial, Helvetica, sans-serif; font-style: normal; font-variant: normal; letter-spacing: normal; text-align: start; text-indent: 0px; text-transform: none; white-space: normal; widows: 1; word-spacing: 0px; background: none 0% 0% repeat scroll #ffffff\">\n<p style=\"margin: 0.5em 0px; padding: 0px; border: 0px none; outline: none 0px; font-size: 13px; vertical-align: baseline; background: none 0% 0% repeat scroll transparent\">1. Los Obispos argentinos volvemos una vez m\u00e1s sobre este tema por la gravedad creciente que significa. \u201cLa plaga del narcotr\u00e1fico, que favorece y siembra dolor y muerte, requiere un acto de valor de toda la sociedad.\u201d<sup style=\"margin: 0px; padding: 0px; border: 0px none; outline: none 0px; font-size: 13px; vertical-align: baseline; background: none 0% 0% repeat scroll transparent\">1<\/sup>\u00a0 Con estas en\u00e9rgicas palabras el Papa Francisco llamaba al compromiso social.<\/p>\n<p style=\"margin: 0.5em 0px; padding: 0px; border: 0px none; outline: none 0px; font-size: 13px; vertical-align: baseline; background: none 0% 0% repeat scroll transparent\">&nbsp;<\/p>\n<p style=\"margin: 0.5em 0px; padding: 0px; border: 0px none; outline: none 0px; font-size: 13px; vertical-align: baseline; background: none 0% 0% repeat scroll transparent\">2. Nosotros, como pastores del Pueblo de Dios que peregrina en la Argentina, adherimos con firmeza al contundente mensaje del Santo Padre, y nos sentimos cercanos a quienes m\u00e1s sufren a causa del crimen organizado. En efecto, convencidos de la gravedad del momento que enfrenta nuestra Patria en este tema, queremos alertar a toda la sociedad acerca de la necesidad de una conversi\u00f3n urgente. La problem\u00e1tica es muy amplia. Hoy queremos centrar nuestra reflexi\u00f3n en lo referente al narcotr\u00e1fico.<\/p>\n<p style=\"margin: 0.5em 0px; padding: 0px; border: 0px none; outline: none 0px; font-size: 13px; vertical-align: baseline; background: none 0% 0% repeat scroll transparent\">&nbsp;<\/p>\n<p style=\"margin: 0.5em 0px; padding: 0px; border: 0px none; outline: none 0px; font-size: 13px; vertical-align: baseline; background: none 0% 0% repeat scroll transparent\">3. La complejidad del problema nos lleva a entender que dicha transformaci\u00f3n no puede ser comprendida de modo unilateral. Cualquier respuesta lineal resulta tan ineficiente como in\u00fatil.<br \/>San Juan Pablo II sosten\u00eda que \u201cLa toxicoman\u00eda tiene que considerarse como el s\u00edntoma de un malestar existencial, de una dificultad para encontrar su lugar en la sociedad, de un miedo al futuro y de una fuga hacia una vida ilusoria y ficticia. (&#8230;) El incremento del mercado y del consumo de drogas demuestra que vivimos en un mundo sin esperanza, carente de propuestas humanas y espirituales vigorosas.\u201d<span class=\"Apple-converted-space\">\u00a0<\/span><sup style=\"margin: 0px; padding: 0px; border: 0px none; outline: none 0px; font-size: 13px; vertical-align: baseline; background: none 0% 0% repeat scroll transparent\">2<\/sup><\/p>\n<p style=\"margin: 0.5em 0px; padding: 0px; border: 0px none; outline: none 0px; font-size: 13px; vertical-align: baseline; background: none 0% 0% repeat scroll transparent\">&nbsp;<\/p>\n<p style=\"margin: 0.5em 0px; padding: 0px; border: 0px none; outline: none 0px; font-size: 13px; vertical-align: baseline; background: none 0% 0% repeat scroll transparent\">4. Cuando hablamos de narcotr\u00e1fico nos referimos a un negocio de dimensiones mundiales, que extiende sus redes en los Estados, las empresas y en m\u00faltiples sectores de la sociedad. La globalizaci\u00f3n ha favorecido la acci\u00f3n de grupos supranacionales m\u00e1s all\u00e1 de los intereses de las naciones. El Estado debe oponer una fuerza organizada\u00a0 para neutralizar los enormes da\u00f1os que causa el flagelo que nos ocupa. En este contexto el narcotr\u00e1fico y otras mafias han crecido enormemente en los \u00faltimos a\u00f1os. Lamentablemente ya se encuentra arraigado en nuestro pa\u00eds; su presencia y difusi\u00f3n es incomprensible sin la complicidad del poder en sus diversas formas. Es doloroso constatar que, adem\u00e1s, las drogas, signos de muerte, se producen en la Argentina. El crimen organizado se enriquece tambi\u00e9n de otras formas de esclavitud, tales como la trata de personas, el tr\u00e1fico de armas, el tr\u00e1fico y venta de \u00f3rganos, el trabajo infantil, entre otros. No se nos escapa el v\u00ednculo de esta situaci\u00f3n con la violencia o inseguridad social y la agresividad irracional en los asaltos y otros tipos de delitos. Francisco hace un firme pedido de conversi\u00f3n y desea que \u201cLa misma llamada llegue tambi\u00e9n a todas las personas promotoras o c\u00f3mplices de corrupci\u00f3n. Esta llaga putrefacta de la sociedad es un grave pecado que grita hacia el cielo pues mina desde sus fundamentos la vida personal y social\u201d (\u2026) \u201cSi no se la combate abiertamente\u00a0 tarde o temprano busca c\u00f3mplices y destruye la existencia\u201d.<\/p>\n<p style=\"margin: 0.5em 0px; padding: 0px; border: 0px none; outline: none 0px; font-size: 13px; vertical-align: baseline; background: none 0% 0% repeat scroll transparent\">&nbsp;<\/p>\n<p style=\"margin: 0.5em 0px; padding: 0px; border: 0px none; outline: none 0px; font-size: 13px; vertical-align: baseline; background: none 0% 0% repeat scroll transparent\">5. La cultura global del consumismo genera deseos insatisfechos e impone en nuestros pa\u00edses un mercado con una escala inadecuada de valores. Transmite constantemente la idea falsa de que sin determinados bienes no se puede ser feliz.<br \/>La plenitud del ser aparece identificada con el tener. Esta propuesta es la l\u00f3gica avasalladora del consumismo que, como el agua, penetra todos los rincones de la sociedad. \u00a1Cu\u00e1ntos chicos perdieron la vida por seguir la seductora voz del consumo como a su propia ley! \u00a1C\u00f3mo se globaliza la indiferencia cuando nos acomodamos en la b\u00fasqueda del confort personal! Por todo el pa\u00eds a nivel capilar las comunidades dan cuenta de que el tendal de enfermos que produce la droga es cada vez mayor.<\/p>\n<p style=\"margin: 0.5em 0px; padding: 0px; border: 0px none; outline: none 0px; font-size: 13px; vertical-align: baseline; background: none 0% 0% repeat scroll transparent\">&nbsp;<\/p>\n<p style=\"margin: 0.5em 0px; padding: 0px; border: 0px none; outline: none 0px; font-size: 13px; vertical-align: baseline; background: none 0% 0% repeat scroll transparent\">6. Esta globalizaci\u00f3n de la indiferencia, que genera una cultura individualista centrada en el consumo es la que da el marco propicio para la expansi\u00f3n de las redes del narcotr\u00e1fico.<br \/>No se puede comprender este fen\u00f3meno al margen de la actual cultura global. El narcotr\u00e1fico est\u00e1 en el esp\u00edritu del capitalismo m\u00e1s salvaje y de la idolatr\u00eda del dinero: es inseparable de ellos. Y sabemos que \u201cel amor al dinero est\u00e1 en la ra\u00edz de todos los males\u201d. (I Tim 6,10).\u00a0 Como nos ense\u00f1a Francisco \u201cNo llevamos el dinero con nosotros al m\u00e1s all\u00e1. El dinero no nos da la verdadera felicidad. La violencia usada para amasar fortunas que escurren sangre no convierte a nadie en poderoso ni inmortal. Para todos tarde o temprano llega el juicio de Dios al cual ninguno puede escapar\u201d<sup style=\"margin: 0px; padding: 0px; border: 0px none; outline: none 0px; font-size: 13px; vertical-align: baseline; background: none 0% 0% repeat scroll transparent\">4<\/sup><br \/>En esta cadena delictiva se encuentra el \u201cnarcomenudeo\u201d. Es creciente la cantidad de gente que produce en su casa el \u201cpaco\u201d u otros preparados perniciosos y luego lo comercializan sin escr\u00fapulo, llegando al atropello de mandar a los propios hijos o nietos a vender drogas. Esta realidad atenta contra el quinto mandamiento \u201c\u00a1No matar\u00e1s!\u201d. No obstante hay una gran distancia entre el grado de responsabilidad del narcotraficante y el del chico pobre que es utilizado finalmente para hacer llegar la droga. Debemos cuidar que sobre estos \u00faltimos no se descargue la fuerza del castigo.<\/p>\n<\/div>\n<div class=\"itemFullText\" style=\"margin: 0px; padding: 0px; border: 0px none; outline: none 0px; font-size: 13px; vertical-align: baseline; color: #555555; font-family: Arial, Helvetica, sans-serif; font-style: normal; font-variant: normal; font-weight: normal; letter-spacing: normal; line-height: 23.4px; text-align: start; text-indent: 0px; text-transform: none; white-space: normal; widows: 1; word-spacing: 0px; background: none 0% 0% repeat scroll #ffffff\">\n<p style=\"margin: 0.5em 0px; padding: 0px; border: 0px none; outline: none 0px; font-size: 13px; vertical-align: baseline; background: none 0% 0% repeat scroll transparent\">7. La guerra contra las drogas -insistimos- est\u00e1 perdida para quien no se opone a la instalaci\u00f3n de este sistema. Hoy nadie puede dudar que es necesario poner radares y disponer de las mejores fuerzas de seguridad posibles. Pero la respuesta verdaderamente adecuada consiste en una profunda transformaci\u00f3n cultural.<br \/>Con dolor vemos que las reservas morales de nuestro pueblo se ven gravemente amenazadas por el narcotr\u00e1fico, que desintegra el tejido social. En las zonas perif\u00e9ricas, en algunos barrios y villas, el vendedor de droga se ha convertido en un referente social; se crea all\u00ed un espacio independiente ajeno a la aut\u00e9ntica cultura. Se banaliza la deshumanizaci\u00f3n. Cuando una persona, vencida ya sea por necesidad, o algo aun peor, por ambici\u00f3n, se involucra en el narcomenudeo incrementa sus ganancias y comienza a poseer determinados bienes a los que antes no acced\u00eda.<br \/>\u00bfC\u00f3mo educar a los chicos y a las chicas en la cultura del esfuerzo, del trabajo, en la importancia del estado de derecho? El narcotr\u00e1fico consagra el triunfo de quien con poco esfuerzo consigue mucho y est\u00e1 al margen de la ley, generando un nuevo escenario de supuesto progreso social. Esto desalienta las esperanzas de aquellos que se esfuerzan y anhelan logros, fruto de su trabajo digno. La falta de ejemplaridad es una debilidad moral y cultural en la vida de la sociedad.<\/p>\n<p style=\"margin: 0.5em 0px; padding: 0px; border: 0px none; outline: none 0px; font-size: 13px; vertical-align: baseline; background: none 0% 0% repeat scroll transparent\">&nbsp;<\/p>\n<p style=\"margin: 0.5em 0px; padding: 0px; border: 0px none; outline: none 0px; font-size: 13px; vertical-align: baseline; background: none 0% 0% repeat scroll transparent\">8. El narcotr\u00e1fico est\u00e1 en contradicci\u00f3n con la naturaleza del Estado. Si el primero busca el beneficio de algunos pocos, el segundo debe velar por la justicia para todos. Instalando su propia ley, el narcotr\u00e1fico va carcomiendo el estado de derecho. Progresivamente los conflictos van abandonando la legislaci\u00f3n y los tribunales, para resolverse con la ley de la fuerza y la violencia.<\/p>\n<p style=\"margin: 0.5em 0px; padding: 0px; border: 0px none; outline: none 0px; font-size: 13px; vertical-align: baseline; background: none 0% 0% repeat scroll transparent\">&nbsp;<\/p>\n<p style=\"margin: 0.5em 0px; padding: 0px; border: 0px none; outline: none 0px; font-size: 13px; vertical-align: baseline; background: none 0% 0% repeat scroll transparent\">9. Reconociendo el problema del narcotr\u00e1fico como un drama nacional, como pastores de la Iglesia en la Argentina asumimos nuestra responsabilidad y queremos profundizar nuestro compromiso.<br \/>En diversos lugares del pa\u00eds se vive en una gran indefensi\u00f3n institucional, que reclama la responsabilidad de quienes gobiernan y de todos los legisladores y miembros del poder judicial: se necesitan Pol\u00edticas de Estado que sean adecuadas y expl\u00edcitas, concretas y firmes, para eliminar el narcotr\u00e1fico y el narcomenudeo.<br \/>Queremos hacer llegar una palabra de aliento a aquellos jueces que incluso arriesgando sus vidas y las de sus familias encaran seriamente su misi\u00f3n respecto de este tema. Necesitamos reforzar el papel de una justicia independiente y su coordinaci\u00f3n con las fuerzas p\u00fablicas profesionalizadas en esta lucha.<\/p>\n<p style=\"margin: 0.5em 0px; padding: 0px; border: 0px none; outline: none 0px; font-size: 13px; vertical-align: baseline; background: none 0% 0% repeat scroll transparent\">&nbsp;<\/p>\n<p style=\"margin: 0.5em 0px; padding: 0px; border: 0px none; outline: none 0px; font-size: 13px; vertical-align: baseline; background: none 0% 0% repeat scroll transparent\">10. En esta tarea convocamos a todo el Pueblo de Dios y tanta gente de buena voluntad: compromet\u00e1monos con pasi\u00f3n en el cuidado y acompa\u00f1amiento de aquellas personas que sufren directa o indirectamente a causa del consumo de drogas. La Iglesia quiere estar cerca de las familias heridas por la adicci\u00f3n de algunos de sus miembros; cuenten con nuestra oraci\u00f3n y cercan\u00eda. Tenemos la certeza que la amistad social, la confianza y el perd\u00f3n son actitudes que restauran el tejido social y nos acercan al coraz\u00f3n de Jes\u00fas.<\/p>\n<p style=\"margin: 0.5em 0px; padding: 0px; border: 0px none; outline: none 0px; font-size: 13px; vertical-align: baseline; background: none 0% 0% repeat scroll transparent\">&nbsp;<\/p>\n<p style=\"margin: 0.5em 0px; padding: 0px; border: 0px none; outline: none 0px; font-size: 13px; vertical-align: baseline; background: none 0% 0% repeat scroll transparent\">11. A pocos d\u00edas de comenzar el A\u00f1o Jubilar de la Misericordia, unidos al Papa queremos hacer un firme llamado a la conversi\u00f3n. Nos dirigimos especialmente a quienes son parte de grupos criminales, a quienes miran con indiferencia el drama de los hermanos, y a quienes colaboran por omisi\u00f3n o comisi\u00f3n en la expansi\u00f3n de este flagelo.\u00a0 \u201cEste es el tiempo para dejarse tocar el coraz\u00f3n. Ante el mal cometido, incluso cr\u00edmenes graves, es el momento de escuchar el llanto de todas las personas inocentes depredadas de los bienes, la dignidad, los afectos, la vida misma\u201d<sup style=\"margin: 0px; padding: 0px; border: 0px none; outline: none 0px; font-size: 13px; vertical-align: baseline; background: none 0% 0% repeat scroll transparent\">.5<\/sup><\/p>\n<p style=\"margin: 0.5em 0px; padding: 0px; border: 0px none; outline: none 0px; font-size: 13px; vertical-align: baseline; background: none 0% 0% repeat scroll transparent\">En nuestra Madre, La Virgen de Luj\u00e1n, Patrona de los argentinos, los bendecimos.<\/p>\n<p style=\"margin: 0.5em 0px; padding: 0px; border: 0px none; outline: none 0px; font-size: 13px; vertical-align: baseline; background: none 0% 0% repeat scroll transparent\">&nbsp;<\/p>\n<p style=\"margin: 0.5em 0px; padding: 0px; border: 0px none; outline: none 0px; font-size: 13px; vertical-align: baseline; background: none 0% 0% repeat scroll transparent\">110\u00ba Asamblea Plenaria<br \/>Conferencia Episcopal Argentina<br \/>del 8 al 13 de noviembre de 2015<\/p>\n<p style=\"margin: 0.5em 0px; padding: 0px; border: 0px none; outline: none 0px; font-size: 13px; vertical-align: baseline; background: none 0% 0% repeat scroll transparent\">_____________________________<\/p>\n<p style=\"margin: 0.5em 0px; padding: 0px; border: 0px none; outline: none 0px; font-size: 13px; vertical-align: baseline; background: none 0% 0% repeat scroll transparent\"><em style=\"font-size: 12px; vertical-align: baseline; padding: 0px; margin: 0px; border-style: none; border-width: 0px; background-attachment: scroll; background-color: transparent; background-position: 0% 0%; background-repeat: repeat\">1 Discurso del Papa Francisco en el Hospital San Francisco de la Providencia. R\u00edo de Janeiro, 24\/07\/2013<br \/>2 Discurso de San Juan Pablo II a un congreso sobre el fen\u00f3meno de la droga organizado por el consejo pontificio para la pastoral de los agentes sanitarios. 11\/10\/1997.<br \/>3\u00a0 Bula de convocaci\u00f3n del Jubileo extraordinario de la Misericordia \u201cMisericordiae Vultus\u201d del Papa\u00a0 Francisco, 11\/04\/15, 19<br \/>4 Idem.<br \/>5\u00a0 Idem.<\/em><\/p>\n<\/div>\n<\/div>\n","protected":false},"excerpt":{"rendered":"<div class=\"mh-excerpt\"><div style=\"text-align: center\"><img loading=\"lazy\" decoding=\"async\" src=\"http:\/\/www.episcopado.org\/portal\/media\/k2\/items\/cache\/7d13cc638b031f8ce1bae1b0204ae77c_XL.jpg\" border=\"0\" width=\"400\" height=\"255\" \/><\/div>\n<div align=\"justify\">\u00a0<\/div>\n<div align=\"justify\"><strong>El martes 1\u00ba de diciembre, se dio a conocer, en la sede del Episcopado, el documento: \u201cNo al narcotr\u00e1fico, s\u00ed a la vida plena\u201d.<\/strong><\/div>\n<div align=\"justify\">\u00a0<\/div>\n<div align=\"justify\"><strong>Presentaron el mismo, Mons. Jos\u00e9 Mar\u00eda Arancedo, Presidente de la Conferencia Episcopal, Mons. Jorge Lozano, Presidente de la Comisi\u00f3n Episcopal de Pastoral Social y Mons. Fernando Maletti, responsable de la Comisi\u00f3n Nacional de drogadependencia.<\/strong><\/div>\n<div align=\"justify\">\n<\/div>","protected":false},"author":1,"featured_media":0,"comment_status":"open","ping_status":"open","sticky":false,"template":"","format":"standard","meta":{"footnotes":""},"categories":[28],"tags":[],"class_list":["post-1172","post","type-post","status-publish","format-standard","hentry","category-latest-news"],"_links":{"self":[{"href":"https:\/\/www.obispadorqta.org.ar\/v3\/wp-json\/wp\/v2\/posts\/1172","targetHints":{"allow":["GET"]}}],"collection":[{"href":"https:\/\/www.obispadorqta.org.ar\/v3\/wp-json\/wp\/v2\/posts"}],"about":[{"href":"https:\/\/www.obispadorqta.org.ar\/v3\/wp-json\/wp\/v2\/types\/post"}],"author":[{"embeddable":true,"href":"https:\/\/www.obispadorqta.org.ar\/v3\/wp-json\/wp\/v2\/users\/1"}],"replies":[{"embeddable":true,"href":"https:\/\/www.obispadorqta.org.ar\/v3\/wp-json\/wp\/v2\/comments?post=1172"}],"version-history":[{"count":0,"href":"https:\/\/www.obispadorqta.org.ar\/v3\/wp-json\/wp\/v2\/posts\/1172\/revisions"}],"wp:attachment":[{"href":"https:\/\/www.obispadorqta.org.ar\/v3\/wp-json\/wp\/v2\/media?parent=1172"}],"wp:term":[{"taxonomy":"category","embeddable":true,"href":"https:\/\/www.obispadorqta.org.ar\/v3\/wp-json\/wp\/v2\/categories?post=1172"},{"taxonomy":"post_tag","embeddable":true,"href":"https:\/\/www.obispadorqta.org.ar\/v3\/wp-json\/wp\/v2\/tags?post=1172"}],"curies":[{"name":"wp","href":"https:\/\/api.w.org\/{rel}","templated":true}]}}