{"id":1173,"date":"2015-12-04T12:11:50","date_gmt":"2015-12-04T12:11:50","guid":{"rendered":"http:\/\/www.obispadorqta.org.ar\/v3\/moresco\/"},"modified":"2015-12-04T12:11:50","modified_gmt":"2015-12-04T12:11:50","slug":"moresco","status":"publish","type":"post","link":"https:\/\/www.obispadorqta.org.ar\/v3\/moresco\/","title":{"rendered":"Fallecimiento del P. Benito Moresco"},"content":{"rendered":"<div style=\"text-align: center\"><img loading=\"lazy\" decoding=\"async\" src=\"https:\/\/fbcdn-sphotos-d-a.akamaihd.net\/hphotos-ak-xtp1\/v\/t1.0-9\/12108000_892862687476890_8026462476530795588_n.jpg?oh=94df7e9b7c73c392e142e5fe5010af1d&#038;oe=56D9518A&#038;__gda__=1457239996_22c71d4b9ab1537f03e8a276cf868958\" border=\"0\" width=\"350\" height=\"262\" \/><\/div>\n<div>\u00a0<\/div>\n<div>\u00a0<\/div>\n<div>El padre Benito Moresco, de la orden de los Siervos de Mar\u00eda, falleci\u00f3 en Monte B\u00e9rico (Italia) el d\u00eda jueves 3 a las 02.30 de la ma\u00f1ana.La enfermedad lo sorprendi\u00f3 siendo p\u00e1rroco del Sagrado Coraz\u00f3n (Quilmes) y consejero provincial.Actualmente estaba en Monte B\u00e9rico siguiendo el tratamiento de leucemia.<\/div>\n<div><\/div>\n<div>Recordamos que el P. Benito ejerci\u00f3 su ministerio Sacerdotal en nuestra di\u00f3cesis, en diferentes per\u00edodos de su camino sacerdotal.<\/div>\n<div><\/div>\n<div>Se invita a todas las comunidades a ofrecer la Misa de este segundo domingo de Adviento por su eterno descanso.<\/div>\n","protected":false},"excerpt":{"rendered":"<div class=\"mh-excerpt\"><p>\u00a0 \u00a0 El padre Benito Moresco, de la orden de los Siervos de Mar\u00eda, falleci\u00f3 en Monte B\u00e9rico (Italia) el d\u00eda jueves 3 a las <a class=\"mh-excerpt-more\" href=\"https:\/\/www.obispadorqta.org.ar\/v3\/moresco\/\" title=\"Fallecimiento del P. Benito Moresco\">[&#8230;]<\/a><\/p>\n<\/div>","protected":false},"author":1,"featured_media":0,"comment_status":"open","ping_status":"open","sticky":false,"template":"","format":"standard","meta":{"footnotes":""},"categories":[28],"tags":[],"class_list":["post-1173","post","type-post","status-publish","format-standard","hentry","category-latest-news"],"_links":{"self":[{"href":"https:\/\/www.obispadorqta.org.ar\/v3\/wp-json\/wp\/v2\/posts\/1173","targetHints":{"allow":["GET"]}}],"collection":[{"href":"https:\/\/www.obispadorqta.org.ar\/v3\/wp-json\/wp\/v2\/posts"}],"about":[{"href":"https:\/\/www.obispadorqta.org.ar\/v3\/wp-json\/wp\/v2\/types\/post"}],"author":[{"embeddable":true,"href":"https:\/\/www.obispadorqta.org.ar\/v3\/wp-json\/wp\/v2\/users\/1"}],"replies":[{"embeddable":true,"href":"https:\/\/www.obispadorqta.org.ar\/v3\/wp-json\/wp\/v2\/comments?post=1173"}],"version-history":[{"count":0,"href":"https:\/\/www.obispadorqta.org.ar\/v3\/wp-json\/wp\/v2\/posts\/1173\/revisions"}],"wp:attachment":[{"href":"https:\/\/www.obispadorqta.org.ar\/v3\/wp-json\/wp\/v2\/media?parent=1173"}],"wp:term":[{"taxonomy":"category","embeddable":true,"href":"https:\/\/www.obispadorqta.org.ar\/v3\/wp-json\/wp\/v2\/categories?post=1173"},{"taxonomy":"post_tag","embeddable":true,"href":"https:\/\/www.obispadorqta.org.ar\/v3\/wp-json\/wp\/v2\/tags?post=1173"}],"curies":[{"name":"wp","href":"https:\/\/api.w.org\/{rel}","templated":true}]}}