{"id":1174,"date":"2015-12-04T13:21:30","date_gmt":"2015-12-04T13:21:30","guid":{"rendered":"http:\/\/www.obispadorqta.org.ar\/v3\/mediooriente\/"},"modified":"2015-12-04T13:21:30","modified_gmt":"2015-12-04T13:21:30","slug":"mediooriente","status":"publish","type":"post","link":"https:\/\/www.obispadorqta.org.ar\/v3\/mediooriente\/","title":{"rendered":"COLECTA PARA CRISTIANOS DE MEDIO ORIENTE"},"content":{"rendered":"<div style=\"text-align: center\"><img loading=\"lazy\" decoding=\"async\" src=\"https:\/\/fbcdn-sphotos-d-a.akamaihd.net\/hphotos-ak-xfl1\/v\/t1.0-9\/12346322_892889380807554_8783126036903010754_n.jpg?oh=48ca7ea875cbb85497126c8fcad8e5fe&#038;oe=56E7E210&#038;__gda__=1457764882_0d2e15442fcc877ed5a34a3511a522ec\" border=\"0\" width=\"350\" height=\"194\" \/><\/div>\n<div>\u00a0<\/div>\n<div align=\"justify\">El Papa Francisco, a trav\u00e9s de la Conferencia Episcopal Argentina y la Nunciatura Apost\u00f3lica, nos exhorta a la solidaridad con los cristianos perseguidos de Medio Oriente (Siria, Iraq).<\/div>\n<div align=\"justify\">\u00a0<\/div>\n<div align=\"justify\">El gesto consiste en destinar los fondos de la colecta, a realizarse el pr\u00f3ximo 8 de Diciembre, solemnidad de la Inmaculada Concepci\u00f3n, en todas las parroquias de la Di\u00f3cesis, para esta finalidad.<\/div>\n<div align=\"justify\">\u00a0<\/div>\n<div align=\"justify\">Tambi\u00e9n quienes, por diferentes razones, no participar\u00e1n de la celebraci\u00f3n, podr\u00e1n acercar su aporte a los sacerdotes de cada comunidad.<\/div>\n<div align=\"justify\">A nuestra oraci\u00f3n, se agrega ahora esta otra posibilidad concreta de comuni\u00f3n con nuestros hermanos que est\u00e1n sufriendo la persecuci\u00f3n y el martirio.<\/div>\n","protected":false},"excerpt":{"rendered":"<div class=\"mh-excerpt\"><p>\u00a0 El Papa Francisco, a trav\u00e9s de la Conferencia Episcopal Argentina y la Nunciatura Apost\u00f3lica, nos exhorta a la solidaridad con los cristianos perseguidos de <a class=\"mh-excerpt-more\" href=\"https:\/\/www.obispadorqta.org.ar\/v3\/mediooriente\/\" title=\"COLECTA PARA CRISTIANOS DE MEDIO ORIENTE\">[&#8230;]<\/a><\/p>\n<\/div>","protected":false},"author":1,"featured_media":0,"comment_status":"open","ping_status":"open","sticky":false,"template":"","format":"standard","meta":{"footnotes":""},"categories":[28],"tags":[],"class_list":["post-1174","post","type-post","status-publish","format-standard","hentry","category-latest-news"],"_links":{"self":[{"href":"https:\/\/www.obispadorqta.org.ar\/v3\/wp-json\/wp\/v2\/posts\/1174","targetHints":{"allow":["GET"]}}],"collection":[{"href":"https:\/\/www.obispadorqta.org.ar\/v3\/wp-json\/wp\/v2\/posts"}],"about":[{"href":"https:\/\/www.obispadorqta.org.ar\/v3\/wp-json\/wp\/v2\/types\/post"}],"author":[{"embeddable":true,"href":"https:\/\/www.obispadorqta.org.ar\/v3\/wp-json\/wp\/v2\/users\/1"}],"replies":[{"embeddable":true,"href":"https:\/\/www.obispadorqta.org.ar\/v3\/wp-json\/wp\/v2\/comments?post=1174"}],"version-history":[{"count":0,"href":"https:\/\/www.obispadorqta.org.ar\/v3\/wp-json\/wp\/v2\/posts\/1174\/revisions"}],"wp:attachment":[{"href":"https:\/\/www.obispadorqta.org.ar\/v3\/wp-json\/wp\/v2\/media?parent=1174"}],"wp:term":[{"taxonomy":"category","embeddable":true,"href":"https:\/\/www.obispadorqta.org.ar\/v3\/wp-json\/wp\/v2\/categories?post=1174"},{"taxonomy":"post_tag","embeddable":true,"href":"https:\/\/www.obispadorqta.org.ar\/v3\/wp-json\/wp\/v2\/tags?post=1174"}],"curies":[{"name":"wp","href":"https:\/\/api.w.org\/{rel}","templated":true}]}}