{"id":1175,"date":"2015-12-04T14:53:40","date_gmt":"2015-12-04T14:53:40","guid":{"rendered":"http:\/\/www.obispadorqta.org.ar\/v3\/ministerio-del-acolitado\/"},"modified":"2015-12-04T14:53:40","modified_gmt":"2015-12-04T14:53:40","slug":"ministerio-del-acolitado","status":"publish","type":"post","link":"https:\/\/www.obispadorqta.org.ar\/v3\/ministerio-del-acolitado\/","title":{"rendered":"MINISTERIO DEL ACOLITADO"},"content":{"rendered":"<div style=\"text-align: center\"><img loading=\"lazy\" decoding=\"async\" src=\"https:\/\/scontent-mia1-1.xx.fbcdn.net\/hphotos-xft1\/v\/t1.0-9\/12295345_892916350804857_2539650059943375827_n.jpg?oh=0713cdc5c6a898e850afc5afeecca117&#038;oe=56DF96F5\" border=\"0\" width=\"190\" height=\"372\" \/><\/div>\n<div style=\"text-align: center\"><\/p>\n<div align=\"justify\"><font color=\"#000000\">En el marco del a\u00f1o vocacional, recordamos que el pr\u00f3ximo viernes 11 de Diciembre, en el Templo Parroquial de Florencia, ser\u00e1 instituido Ac\u00f3lito el seminarista <strong>Andr\u00e9s Esteb\u00e1n Vicente<\/strong>. La instituci\u00f3n se har\u00e1 en la Misa de las 20.00 hs., presidida por Mons. \u00c1ngel Jos\u00e9 Mac\u00edn, obispo diocesano.<\/font><\/div>\n<div align=\"justify\"><font color=\"#000000\">\u00a0<\/font><\/div>\n<div align=\"justify\"><font color=\"#000000\">Con alegr\u00eda, comunicamos que en esa misma celebraci\u00f3n, tambi\u00e9n recibir\u00e1n dicho ministerio, los seminaristas <strong>Guillermo Nicol\u00e1s Ben\u00edtez <\/strong>y <strong>Adri\u00e1n Eduardo Fun<\/strong>, quienes est\u00e1n concluyendo su per\u00edodo de formaci\u00f3n en el Seminario Interdiocesano \u00abLa Encarnaci\u00f3n\u00bb, y se incorporar\u00e1n pronto a la vida diocesana, continuando su preparaci\u00f3n para las \u00f3rdenes sagradas.<\/font><\/div>\n<div align=\"justify\"><font color=\"#000000\">\u00a0<\/font><\/div>\n<div align=\"justify\"><font color=\"#000000\">Agradecemos al Se\u00f1or por estos dones y renovamos nuestra oraci\u00f3n por el aumento y la perseverancia de las vocaciones sacerdotales y religiosas en nuestra Di\u00f3cesis.<\/font><\/div>\n<\/p><\/div>\n","protected":false},"excerpt":{"rendered":"<div class=\"mh-excerpt\"><p>En el marco del a\u00f1o vocacional, recordamos que el pr\u00f3ximo viernes 11 de Diciembre, en el Templo Parroquial de Florencia, ser\u00e1 instituido Ac\u00f3lito el seminarista <a class=\"mh-excerpt-more\" href=\"https:\/\/www.obispadorqta.org.ar\/v3\/ministerio-del-acolitado\/\" title=\"MINISTERIO DEL ACOLITADO\">[&#8230;]<\/a><\/p>\n<\/div>","protected":false},"author":1,"featured_media":0,"comment_status":"open","ping_status":"open","sticky":false,"template":"","format":"standard","meta":{"footnotes":""},"categories":[28],"tags":[],"class_list":["post-1175","post","type-post","status-publish","format-standard","hentry","category-latest-news"],"_links":{"self":[{"href":"https:\/\/www.obispadorqta.org.ar\/v3\/wp-json\/wp\/v2\/posts\/1175","targetHints":{"allow":["GET"]}}],"collection":[{"href":"https:\/\/www.obispadorqta.org.ar\/v3\/wp-json\/wp\/v2\/posts"}],"about":[{"href":"https:\/\/www.obispadorqta.org.ar\/v3\/wp-json\/wp\/v2\/types\/post"}],"author":[{"embeddable":true,"href":"https:\/\/www.obispadorqta.org.ar\/v3\/wp-json\/wp\/v2\/users\/1"}],"replies":[{"embeddable":true,"href":"https:\/\/www.obispadorqta.org.ar\/v3\/wp-json\/wp\/v2\/comments?post=1175"}],"version-history":[{"count":0,"href":"https:\/\/www.obispadorqta.org.ar\/v3\/wp-json\/wp\/v2\/posts\/1175\/revisions"}],"wp:attachment":[{"href":"https:\/\/www.obispadorqta.org.ar\/v3\/wp-json\/wp\/v2\/media?parent=1175"}],"wp:term":[{"taxonomy":"category","embeddable":true,"href":"https:\/\/www.obispadorqta.org.ar\/v3\/wp-json\/wp\/v2\/categories?post=1175"},{"taxonomy":"post_tag","embeddable":true,"href":"https:\/\/www.obispadorqta.org.ar\/v3\/wp-json\/wp\/v2\/tags?post=1175"}],"curies":[{"name":"wp","href":"https:\/\/api.w.org\/{rel}","templated":true}]}}