{"id":1179,"date":"2015-12-15T14:58:46","date_gmt":"2015-12-15T14:58:46","guid":{"rendered":"http:\/\/www.obispadorqta.org.ar\/v3\/festival\/"},"modified":"2015-12-15T14:58:46","modified_gmt":"2015-12-15T14:58:46","slug":"festival","status":"publish","type":"post","link":"https:\/\/www.obispadorqta.org.ar\/v3\/festival\/","title":{"rendered":"Festival Navide\u00f1o Parroquial"},"content":{"rendered":"<div style=\"text-align: center\"><img loading=\"lazy\" decoding=\"async\" src=\"https:\/\/scontent-mia1-1.xx.fbcdn.net\/hphotos-xpa1\/v\/t1.0-9\/12346406_897766673653158_350636805962803567_n.jpg?oh=f8a5613ba074e2b489c4edcec070c73a&#038;oe=5718E851\" border=\"0\" width=\"350\" height=\"450\" \/><\/div>\n<div>\u00a0<\/div>\n<div style=\"text-align: justify\">Invitamos a toda la comunidad a participar del festival navide\u00f1o organizado por la parroquia \u00abSan Roque\u00bb de Reconquista.<\/div>\n<div style=\"text-align: justify\">El mismo comenzar\u00e1 a las 18:30 hs. del d\u00eda domingo 20 de diciembre con una feria de artesanos y continuar\u00e1 con la realizaci\u00f3n de obras de teatro para ni\u00f1os y el pesebre viviente para luego cerrar con la presencia del Padre Juli\u00e1n Zini y el grupo Neike Chamigo.<\/div>\n<div style=\"text-align: justify\">Se realizar\u00e1 en la Capilla \u00abVirgen de los Dolores\u00bb del B\u00ba Villa Dolores de la ciudad de Reconquista. (Calle Lucas Funes n\u00ba 2600, entre calles 55 y 57) La entrada es LIBRE Y GRATUITA, y se podr\u00e1 colaborar con un alimento no perecedero para C\u00e1ritas San Roque.\u00a0<\/div>\n","protected":false},"excerpt":{"rendered":"<div class=\"mh-excerpt\"><p>\u00a0 Invitamos a toda la comunidad a participar del festival navide\u00f1o organizado por la parroquia \u00abSan Roque\u00bb de Reconquista. El mismo comenzar\u00e1 a las 18:30 <a class=\"mh-excerpt-more\" href=\"https:\/\/www.obispadorqta.org.ar\/v3\/festival\/\" title=\"Festival Navide\u00f1o Parroquial\">[&#8230;]<\/a><\/p>\n<\/div>","protected":false},"author":1,"featured_media":0,"comment_status":"open","ping_status":"open","sticky":false,"template":"","format":"standard","meta":{"footnotes":""},"categories":[28],"tags":[],"class_list":["post-1179","post","type-post","status-publish","format-standard","hentry","category-latest-news"],"_links":{"self":[{"href":"https:\/\/www.obispadorqta.org.ar\/v3\/wp-json\/wp\/v2\/posts\/1179","targetHints":{"allow":["GET"]}}],"collection":[{"href":"https:\/\/www.obispadorqta.org.ar\/v3\/wp-json\/wp\/v2\/posts"}],"about":[{"href":"https:\/\/www.obispadorqta.org.ar\/v3\/wp-json\/wp\/v2\/types\/post"}],"author":[{"embeddable":true,"href":"https:\/\/www.obispadorqta.org.ar\/v3\/wp-json\/wp\/v2\/users\/1"}],"replies":[{"embeddable":true,"href":"https:\/\/www.obispadorqta.org.ar\/v3\/wp-json\/wp\/v2\/comments?post=1179"}],"version-history":[{"count":0,"href":"https:\/\/www.obispadorqta.org.ar\/v3\/wp-json\/wp\/v2\/posts\/1179\/revisions"}],"wp:attachment":[{"href":"https:\/\/www.obispadorqta.org.ar\/v3\/wp-json\/wp\/v2\/media?parent=1179"}],"wp:term":[{"taxonomy":"category","embeddable":true,"href":"https:\/\/www.obispadorqta.org.ar\/v3\/wp-json\/wp\/v2\/categories?post=1179"},{"taxonomy":"post_tag","embeddable":true,"href":"https:\/\/www.obispadorqta.org.ar\/v3\/wp-json\/wp\/v2\/tags?post=1179"}],"curies":[{"name":"wp","href":"https:\/\/api.w.org\/{rel}","templated":true}]}}