{"id":1181,"date":"2015-12-24T12:46:56","date_gmt":"2015-12-24T12:46:56","guid":{"rendered":"http:\/\/www.obispadorqta.org.ar\/v3\/ordenacionmolina\/"},"modified":"2015-12-24T12:46:56","modified_gmt":"2015-12-24T12:46:56","slug":"ordenacionmolina","status":"publish","type":"post","link":"https:\/\/www.obispadorqta.org.ar\/v3\/ordenacionmolina\/","title":{"rendered":"Ordenaci\u00f3n Sacerdotal del Di\u00e1c. Luciano Sebasti\u00e1n Molina"},"content":{"rendered":"<div style=\"text-align: center\"><img loading=\"lazy\" decoding=\"async\" src=\"https:\/\/fbcdn-photos-c-a.akamaihd.net\/hphotos-ak-xfl1\/v\/t1.0-0\/p526x296\/1610002_902775466485612_1299697029893834286_n.jpg?oh=fab7c3bb78745c7c7922b4d6eeb98cb8&#038;oe=5720B5E0&#038;__gda__=1461023635_392d1ff6cbbb2d53f1a31f4934eaa928\" border=\"0\" width=\"400\" height=\"287\" \/><\/div>\n<div>\u00a0<\/div>\n<div>\u00a0<\/div>\n<div style=\"text-align: justify\">En coincidencia con el cierre del a\u00f1o Vocacional Diocesano, invitamos a toda la comunidad a compartir este regalo que nos hace el Se\u00f1or a nuestra querida Di\u00f3cesis de Reconquista, como lo es el ministerio Sacerdotal del Di\u00e1cono Luciano Sebasti\u00e1n Molina. La misma tendr\u00e1 lugar el d\u00eda domingo 27 de diciembre en la Iglesia Catedral de Reconquista, a las 20 hs.<\/div>\n<div style=\"text-align: justify\"><\/div>\n<div style=\"text-align: justify\">Rezamos por esta nueva etapa de Luciano y agradecemos a Dios por todas las gracias recibidas en el transcurso de este A\u00f1o Vocacional Diocesano.\u00a0<\/div>\n","protected":false},"excerpt":{"rendered":"<div class=\"mh-excerpt\"><p>\u00a0 \u00a0 En coincidencia con el cierre del a\u00f1o Vocacional Diocesano, invitamos a toda la comunidad a compartir este regalo que nos hace el Se\u00f1or <a class=\"mh-excerpt-more\" href=\"https:\/\/www.obispadorqta.org.ar\/v3\/ordenacionmolina\/\" title=\"Ordenaci\u00f3n Sacerdotal del Di\u00e1c. Luciano Sebasti\u00e1n Molina\">[&#8230;]<\/a><\/p>\n<\/div>","protected":false},"author":1,"featured_media":0,"comment_status":"open","ping_status":"open","sticky":false,"template":"","format":"standard","meta":{"footnotes":""},"categories":[28],"tags":[],"class_list":["post-1181","post","type-post","status-publish","format-standard","hentry","category-latest-news"],"_links":{"self":[{"href":"https:\/\/www.obispadorqta.org.ar\/v3\/wp-json\/wp\/v2\/posts\/1181","targetHints":{"allow":["GET"]}}],"collection":[{"href":"https:\/\/www.obispadorqta.org.ar\/v3\/wp-json\/wp\/v2\/posts"}],"about":[{"href":"https:\/\/www.obispadorqta.org.ar\/v3\/wp-json\/wp\/v2\/types\/post"}],"author":[{"embeddable":true,"href":"https:\/\/www.obispadorqta.org.ar\/v3\/wp-json\/wp\/v2\/users\/1"}],"replies":[{"embeddable":true,"href":"https:\/\/www.obispadorqta.org.ar\/v3\/wp-json\/wp\/v2\/comments?post=1181"}],"version-history":[{"count":0,"href":"https:\/\/www.obispadorqta.org.ar\/v3\/wp-json\/wp\/v2\/posts\/1181\/revisions"}],"wp:attachment":[{"href":"https:\/\/www.obispadorqta.org.ar\/v3\/wp-json\/wp\/v2\/media?parent=1181"}],"wp:term":[{"taxonomy":"category","embeddable":true,"href":"https:\/\/www.obispadorqta.org.ar\/v3\/wp-json\/wp\/v2\/categories?post=1181"},{"taxonomy":"post_tag","embeddable":true,"href":"https:\/\/www.obispadorqta.org.ar\/v3\/wp-json\/wp\/v2\/tags?post=1181"}],"curies":[{"name":"wp","href":"https:\/\/api.w.org\/{rel}","templated":true}]}}