{"id":1183,"date":"2015-12-24T16:11:18","date_gmt":"2015-12-24T16:11:18","guid":{"rendered":"http:\/\/www.obispadorqta.org.ar\/v3\/comunicado-de-prensa\/"},"modified":"2015-12-24T16:11:18","modified_gmt":"2015-12-24T16:11:18","slug":"comunicado-de-prensa","status":"publish","type":"post","link":"https:\/\/www.obispadorqta.org.ar\/v3\/comunicado-de-prensa\/","title":{"rendered":"COMUNICADO DE PRENSA"},"content":{"rendered":"<div style=\"text-align: center\"><img loading=\"lazy\" decoding=\"async\" src=\"https:\/\/scontent-gru2-1.xx.fbcdn.net\/hphotos-xpa1\/v\/t1.0-9\/12391225_902849619811530_5000527806476777387_n.jpg?oh=0dd457e4f4abf05f566f06b7ba006db6&#038;oe=571BA6F9\" border=\"0\" width=\"65\" height=\"100\" \/>\u00a0 \u00a0 \u00a0 \u00a0 \u00a0 \u00a0 \u00a0 \u00a0 \u00a0 \u00a0 \u00a0 \u00a0 \u00a0 \u00a0 \u00a0 \u00a0 \u00a0 \u00a0 \u00a0 \u00a0 \u00a0 \u00a0 \u00a0 \u00a0 \u00a0 \u00a0 \u00a0 \u00a0 \u00a0 \u00a0\u00a0<img loading=\"lazy\" decoding=\"async\" src=\"https:\/\/fbcdn-sphotos-a-a.akamaihd.net\/hphotos-ak-xaf1\/v\/t1.0-9\/922835_902849643144861_6080426001710149868_n.jpg?oh=8eddd4417afe170c2a66e2574b77d94f&#038;oe=57166E31&#038;__gda__=1460169750_5abdf55d00c2e1c4bc0430e44cffff95\" border=\"0\" width=\"80\" height=\"100\" \/><\/div>\n<div style=\"text-align: center\">\u00a0<\/div>\n<div style=\"text-align: justify\">C\u00e1ritas Diocesana comunica que, ante la emergencia h\u00eddrica que afecta gran parte del territorio diocesano, como consecuencia del exceso de agua ca\u00edda y de la crecida del R\u00edo Paran\u00e1 y sus afluentes,se encuentra trabajando con las familias afectadas y\/o evacuadas, especialmente en la comunidad del Puerto de Reconquista, con recursos propios de la instituci\u00f3n. Esto significa, que por el momento, no se solicita ning\u00fan tipo de donaci\u00f3n. De ser necesario, se pedir\u00e1 en tiempo y forma el aporte solidario, sabiendo de la sensibilidad de todos ante la necesidad de los hermanos y hermanas m\u00e1s vulnerables.<\/div>\n<div style=\"text-align: justify\">Esta tarea se viene desarrollando en comuni\u00f3n con las C\u00e1ritas de las parroquias que se encuentran en zonas de riesgo, dejando a las mismas las decisiones que crean oportunas en sus territorios de acci\u00f3n.<\/div>\n<div style=\"text-align: justify\"><span style=\"white-space: pre\" class=\"Apple-tab-span\">\t<\/span>Adem\u00e1s, queremos agregar que, junto a otras instituciones, mantenemos un contacto permanente con las autoridades municipales de la ciudad de Reconquista y otros distritos, a quienes \u00a0compete la responsabilidad principal de velar por la situaci\u00f3n y coordinar las tareas necesarias para paliar la misma.<\/div>\n<div style=\"text-align: justify\"><span style=\"white-space: pre\" class=\"Apple-tab-span\">\t<\/span>Finalmente, expresamos nuestra cercan\u00eda para con las familias que sufren esta emergencia, a quienes alentamos, en v\u00edsperas de Navidad, a mantenerse unidas y con esperanza para afrontar este momento dif\u00edcil.<\/div>\n<div style=\"text-align: justify\"><\/div>\n<div style=\"text-align: justify\"><\/div>\n<div style=\"text-align: justify\"><\/div>\n<div style=\"text-align: justify\"><\/div>\n<div style=\"text-align: justify\"><\/div>\n<div style=\"text-align: justify\"><span style=\"white-space: pre\" class=\"Apple-tab-span\">\t\t\t\t<\/span>OBISPADO RECONQUISTA \u00a0 \u00a0 \u00a0 \u00a0 \u00a0 \u00a0 \u00a0<span style=\"font-size: 12.16px; line-height: 15.808px\">CARITAS DIOCESANA<\/span><\/div>\n<div style=\"text-align: justify\">\u00a0<\/div>\n<div>\u00a0<\/div>\n<div>\u00a0<\/div>\n<div>\u00a0<\/div>\n<div>\u00a0<\/div>\n","protected":false},"excerpt":{"rendered":"<div class=\"mh-excerpt\"><p>\u00a0 \u00a0 \u00a0 \u00a0 \u00a0 \u00a0 \u00a0 \u00a0 \u00a0 \u00a0 \u00a0 \u00a0 \u00a0 \u00a0 \u00a0 \u00a0 \u00a0 \u00a0 \u00a0 \u00a0 \u00a0 \u00a0 \u00a0 \u00a0 \u00a0 <a class=\"mh-excerpt-more\" href=\"https:\/\/www.obispadorqta.org.ar\/v3\/comunicado-de-prensa\/\" title=\"COMUNICADO DE PRENSA\">[&#8230;]<\/a><\/p>\n<\/div>","protected":false},"author":1,"featured_media":0,"comment_status":"open","ping_status":"open","sticky":false,"template":"","format":"standard","meta":{"footnotes":""},"categories":[28],"tags":[],"class_list":["post-1183","post","type-post","status-publish","format-standard","hentry","category-latest-news"],"_links":{"self":[{"href":"https:\/\/www.obispadorqta.org.ar\/v3\/wp-json\/wp\/v2\/posts\/1183","targetHints":{"allow":["GET"]}}],"collection":[{"href":"https:\/\/www.obispadorqta.org.ar\/v3\/wp-json\/wp\/v2\/posts"}],"about":[{"href":"https:\/\/www.obispadorqta.org.ar\/v3\/wp-json\/wp\/v2\/types\/post"}],"author":[{"embeddable":true,"href":"https:\/\/www.obispadorqta.org.ar\/v3\/wp-json\/wp\/v2\/users\/1"}],"replies":[{"embeddable":true,"href":"https:\/\/www.obispadorqta.org.ar\/v3\/wp-json\/wp\/v2\/comments?post=1183"}],"version-history":[{"count":0,"href":"https:\/\/www.obispadorqta.org.ar\/v3\/wp-json\/wp\/v2\/posts\/1183\/revisions"}],"wp:attachment":[{"href":"https:\/\/www.obispadorqta.org.ar\/v3\/wp-json\/wp\/v2\/media?parent=1183"}],"wp:term":[{"taxonomy":"category","embeddable":true,"href":"https:\/\/www.obispadorqta.org.ar\/v3\/wp-json\/wp\/v2\/categories?post=1183"},{"taxonomy":"post_tag","embeddable":true,"href":"https:\/\/www.obispadorqta.org.ar\/v3\/wp-json\/wp\/v2\/tags?post=1183"}],"curies":[{"name":"wp","href":"https:\/\/api.w.org\/{rel}","templated":true}]}}