{"id":1185,"date":"2015-12-30T12:35:35","date_gmt":"2015-12-30T12:35:35","guid":{"rendered":"http:\/\/www.obispadorqta.org.ar\/v3\/msjoraciondelapaz\/"},"modified":"2015-12-30T12:35:35","modified_gmt":"2015-12-30T12:35:35","slug":"msjoraciondelapaz","status":"publish","type":"post","link":"https:\/\/www.obispadorqta.org.ar\/v3\/msjoraciondelapaz\/","title":{"rendered":"\u00abVence la indiferencia y conquista la paz\u00bb"},"content":{"rendered":"<div style=\"text-align: center\"><img loading=\"lazy\" decoding=\"async\" src=\"http:\/\/www.diocesisfacatativa.org\/images\/2015\/francis.jpg\" border=\"0\" width=\"400\" height=\"226\" \/><\/div>\n<div>\u00a0<\/div>\n<div>Con motivo de la XLIX Jornada Mundial de la Paz, que se celebrar\u00e1 el 1\u00b0 de enero de 2016, El Papa Francisco anuncia el mensaje para la celebraci\u00f3n de la misma.<\/div>\n<div>\u00a0<\/div>\n<div>La Jornada Mundial de la Paz, ha sido instituida por el Papa Pablo VI y se celebra cada a\u00f1o el primero de enero. El Mensaje del Papa se env\u00eda a las Canciller\u00edas de todo el mundo y, tambi\u00e9n, se\u00f1ala la l\u00ednea diplom\u00e1tica de la Santa Sede para el a\u00f1o que inicia.<\/div>\n<div>\u00a0<\/div>\n<div>Invitamos a toda la comunidad diocesana a realizar el ejercicio que nos propone nuestro Papa Francisco en este nuevo a\u00f1o que comienza.<\/div>\n<div>\u00a0<\/div>\n<div>Para leer el texto completo del mensaje del Santo Padre haz click\u00a0<a href=\"http:\/\/w2.vatican.va\/content\/francesco\/es\/messages\/peace\/documents\/papa-francesco_20151208_messaggio-xlix-giornata-mondiale-pace-2016.html\">AQU\u00cd<\/a><\/div>\n<div>\u00a0<\/div>\n","protected":false},"excerpt":{"rendered":"<div class=\"mh-excerpt\"><p>\u00a0 Con motivo de la XLIX Jornada Mundial de la Paz, que se celebrar\u00e1 el 1\u00b0 de enero de 2016, El Papa Francisco anuncia el <a class=\"mh-excerpt-more\" href=\"https:\/\/www.obispadorqta.org.ar\/v3\/msjoraciondelapaz\/\" title=\"\u00abVence la indiferencia y conquista la paz\u00bb\">[&#8230;]<\/a><\/p>\n<\/div>","protected":false},"author":1,"featured_media":0,"comment_status":"open","ping_status":"open","sticky":false,"template":"","format":"standard","meta":{"footnotes":""},"categories":[28],"tags":[],"class_list":["post-1185","post","type-post","status-publish","format-standard","hentry","category-latest-news"],"_links":{"self":[{"href":"https:\/\/www.obispadorqta.org.ar\/v3\/wp-json\/wp\/v2\/posts\/1185","targetHints":{"allow":["GET"]}}],"collection":[{"href":"https:\/\/www.obispadorqta.org.ar\/v3\/wp-json\/wp\/v2\/posts"}],"about":[{"href":"https:\/\/www.obispadorqta.org.ar\/v3\/wp-json\/wp\/v2\/types\/post"}],"author":[{"embeddable":true,"href":"https:\/\/www.obispadorqta.org.ar\/v3\/wp-json\/wp\/v2\/users\/1"}],"replies":[{"embeddable":true,"href":"https:\/\/www.obispadorqta.org.ar\/v3\/wp-json\/wp\/v2\/comments?post=1185"}],"version-history":[{"count":0,"href":"https:\/\/www.obispadorqta.org.ar\/v3\/wp-json\/wp\/v2\/posts\/1185\/revisions"}],"wp:attachment":[{"href":"https:\/\/www.obispadorqta.org.ar\/v3\/wp-json\/wp\/v2\/media?parent=1185"}],"wp:term":[{"taxonomy":"category","embeddable":true,"href":"https:\/\/www.obispadorqta.org.ar\/v3\/wp-json\/wp\/v2\/categories?post=1185"},{"taxonomy":"post_tag","embeddable":true,"href":"https:\/\/www.obispadorqta.org.ar\/v3\/wp-json\/wp\/v2\/tags?post=1185"}],"curies":[{"name":"wp","href":"https:\/\/api.w.org\/{rel}","templated":true}]}}