{"id":1187,"date":"2015-12-31T14:25:32","date_gmt":"2015-12-31T14:25:32","guid":{"rendered":"http:\/\/www.obispadorqta.org.ar\/v3\/mmmmm-2\/"},"modified":"2015-12-31T14:25:32","modified_gmt":"2015-12-31T14:25:32","slug":"mmmmm-2","status":"publish","type":"post","link":"https:\/\/www.obispadorqta.org.ar\/v3\/mmmmm-2\/","title":{"rendered":"Misi\u00f3n Vocacional 2016"},"content":{"rendered":"<div style=\"text-align: center\"><img loading=\"lazy\" decoding=\"async\" src=\"http:\/\/www.esimtel.cl\/images\/Mision.png\" border=\"0\" width=\"300\" height=\"300\" \/><\/div>\n<div style=\"text-align: justify\">Estar\u00e1 a cargo de los seminaristas y algunos j\u00f3venes de la di\u00f3cesis que se realizar\u00e1 del 2 al 9 de enero en la ciudad de Romang (debido a los pron\u00f3sticos y la inclemencia del tiempo no se hace en Colonia Dur\u00e1n). Se pide Colaboraci\u00f3n de alimentos y si alguno puede prestar colchones. Contactarse con la secretaria de la Parroquia \u00abSagrado Coraz\u00f3n de Jes\u00fas\u00bb Tel. N\u00ba 03482 496087, martes, jueves o s\u00e1bados de 9 a 11hs.<\/div>\n<div style=\"text-align: justify\">\u00a0<\/div>\n<div>\u00a0Invitamos a la comunidad a colaborar con los misioneros y a acompa\u00f1arlos en la oraci\u00f3n para que la misma sea fecunda y de frutos en abundancia.<\/div>\n<div>\u00a0<\/div>\n","protected":false},"excerpt":{"rendered":"<div class=\"mh-excerpt\"><p>Estar\u00e1 a cargo de los seminaristas y algunos j\u00f3venes de la di\u00f3cesis que se realizar\u00e1 del 2 al 9 de enero en la ciudad de <a class=\"mh-excerpt-more\" href=\"https:\/\/www.obispadorqta.org.ar\/v3\/mmmmm-2\/\" title=\"Misi\u00f3n Vocacional 2016\">[&#8230;]<\/a><\/p>\n<\/div>","protected":false},"author":1,"featured_media":0,"comment_status":"open","ping_status":"open","sticky":false,"template":"","format":"standard","meta":{"footnotes":""},"categories":[28],"tags":[],"class_list":["post-1187","post","type-post","status-publish","format-standard","hentry","category-latest-news"],"_links":{"self":[{"href":"https:\/\/www.obispadorqta.org.ar\/v3\/wp-json\/wp\/v2\/posts\/1187","targetHints":{"allow":["GET"]}}],"collection":[{"href":"https:\/\/www.obispadorqta.org.ar\/v3\/wp-json\/wp\/v2\/posts"}],"about":[{"href":"https:\/\/www.obispadorqta.org.ar\/v3\/wp-json\/wp\/v2\/types\/post"}],"author":[{"embeddable":true,"href":"https:\/\/www.obispadorqta.org.ar\/v3\/wp-json\/wp\/v2\/users\/1"}],"replies":[{"embeddable":true,"href":"https:\/\/www.obispadorqta.org.ar\/v3\/wp-json\/wp\/v2\/comments?post=1187"}],"version-history":[{"count":0,"href":"https:\/\/www.obispadorqta.org.ar\/v3\/wp-json\/wp\/v2\/posts\/1187\/revisions"}],"wp:attachment":[{"href":"https:\/\/www.obispadorqta.org.ar\/v3\/wp-json\/wp\/v2\/media?parent=1187"}],"wp:term":[{"taxonomy":"category","embeddable":true,"href":"https:\/\/www.obispadorqta.org.ar\/v3\/wp-json\/wp\/v2\/categories?post=1187"},{"taxonomy":"post_tag","embeddable":true,"href":"https:\/\/www.obispadorqta.org.ar\/v3\/wp-json\/wp\/v2\/tags?post=1187"}],"curies":[{"name":"wp","href":"https:\/\/api.w.org\/{rel}","templated":true}]}}