{"id":1188,"date":"2015-12-31T14:39:02","date_gmt":"2015-12-31T14:39:02","guid":{"rendered":"http:\/\/www.obispadorqta.org.ar\/v3\/hidricca\/"},"modified":"2015-12-31T14:39:02","modified_gmt":"2015-12-31T14:39:02","slug":"hidricca","status":"publish","type":"post","link":"https:\/\/www.obispadorqta.org.ar\/v3\/hidricca\/","title":{"rendered":"Comunicado de Prensa Emergencia H\u00eddrica"},"content":{"rendered":"<div style=\"text-align: center\"><img loading=\"lazy\" decoding=\"async\" src=\"https:\/\/fbcdn-photos-h-a.akamaihd.net\/hphotos-ak-xpf1\/v\/t1.0-0\/s526x395\/1924890_906037462826079_7561479992859318275_n.jpg?oh=4852b92ec13b61e03a587cf022a9e4ad&#038;oe=5721D272&#038;__gda__=1460025077_9cc1617353c5ceaffc49ed3f396ab273\" border=\"0\" width=\"300\" height=\"237\" \/><\/div>\n<div>\u00a0<\/div>\n<div>\u00a0<\/div>\n<div>C\u00e1ritas Diocesana comunica que, ante la emergencia h\u00eddrica que afecta la zona, y habiendo relevado situaciones complicadas en barrios y zonas rurales, por faltante de alimentos o de recursos para adquirirlos, se recibir\u00e1n donaciones en alimentos, seg\u00fan se detalla a continuaci\u00f3n:ACEITE, HARINA, ARROZ, AZ\u00daCAR, FIDEO, YERBA, EXTRACTO DE TOMATE, GRASA, LECHE, MATECOCIDO O CHOCOLATE, Y JAB\u00d3N EN PAN, LAVANDINA O FLUIDO, AGUA, PA\u00d1ALES, REPELENTE Y PAPEL HIGI\u00c9NICO.<\/div>\n<div><\/div>\n<div>Se solicita tambi\u00e9n:CALZADOS, SOLO ZAPATILLAS O BOTAS DE GOMAS (En buen estado). NO AS\u00cd ROPA.<\/div>\n<div>Siguiendo el Protocolo del \u00e1rea de Emergencias de Caritas Diocesana, se clasificar\u00e1 los recursos recibidos y se entregar\u00e1n, en base a los datos recolectados, a familias afectadas para poder responder organizada y responsablemente a esta situaci\u00f3n, durante y despu\u00e9s de esta emergencia.<\/div>\n<div>Adem\u00e1s, se ha habilitado un n\u00famero telef\u00f3nico para consultas. El n\u00famero es 3482-664606. Tambi\u00e9n se puede llamar al n\u00famero fijo de C\u00e1ritas Diocesana: 03482-420201.<\/div>\n<div><\/div>\n<div>Las donaciones se recibir\u00e1n en la \u201cSede Diocesana\u201d, ubicada en calle Mitre N\u00ba 289 dela ciudad de Reconquista, desde el lunes 04\/01\/16 hasta el d\u00eda Viernes 08\/01\/16 inclusive, en horarios corridos de 08 a 19 horas, con guardias permanentes.<\/div>\n<div><\/div>\n<div>Informamos, por \u00faltimo, que se mantiene la coordinaci\u00f3n con el Municipio de Reconquista y otras instituciones que est\u00e1n interviniendo, como as\u00ed tambi\u00e9n con las C\u00e1ritas Parroquiales de los respectivos distritos.\u00a0<\/div>\n<div><\/div>\n<div>Agradecemos a la comunidad, sabiendo que responder\u00e1n solidariamente ante esta situaci\u00f3n.<\/div>\n<div><\/div>\n<div>OBISPADO DE RECONQUISTA \u00a0 \u00a0 \u00a0 \u00a0 \u00a0 \u00a0 \u00a0 \u00a0 \u00a0 \u00a0 \u00a0 \u00a0 \u00a0 \u00a0 \u00a0 \u00a0 \u00a0 \u00a0 \u00a0 \u00a0 \u00a0 \u00a0 \u00a0 \u00a0C\u00c1RITAS DIOCESANA\u00a0<\/div>\n","protected":false},"excerpt":{"rendered":"<div class=\"mh-excerpt\"><p>\u00a0 \u00a0 C\u00e1ritas Diocesana comunica que, ante la emergencia h\u00eddrica que afecta la zona, y habiendo relevado situaciones complicadas en barrios y zonas rurales, por <a class=\"mh-excerpt-more\" href=\"https:\/\/www.obispadorqta.org.ar\/v3\/hidricca\/\" title=\"Comunicado de Prensa Emergencia H\u00eddrica\">[&#8230;]<\/a><\/p>\n<\/div>","protected":false},"author":1,"featured_media":0,"comment_status":"open","ping_status":"open","sticky":false,"template":"","format":"standard","meta":{"footnotes":""},"categories":[28],"tags":[],"class_list":["post-1188","post","type-post","status-publish","format-standard","hentry","category-latest-news"],"_links":{"self":[{"href":"https:\/\/www.obispadorqta.org.ar\/v3\/wp-json\/wp\/v2\/posts\/1188","targetHints":{"allow":["GET"]}}],"collection":[{"href":"https:\/\/www.obispadorqta.org.ar\/v3\/wp-json\/wp\/v2\/posts"}],"about":[{"href":"https:\/\/www.obispadorqta.org.ar\/v3\/wp-json\/wp\/v2\/types\/post"}],"author":[{"embeddable":true,"href":"https:\/\/www.obispadorqta.org.ar\/v3\/wp-json\/wp\/v2\/users\/1"}],"replies":[{"embeddable":true,"href":"https:\/\/www.obispadorqta.org.ar\/v3\/wp-json\/wp\/v2\/comments?post=1188"}],"version-history":[{"count":0,"href":"https:\/\/www.obispadorqta.org.ar\/v3\/wp-json\/wp\/v2\/posts\/1188\/revisions"}],"wp:attachment":[{"href":"https:\/\/www.obispadorqta.org.ar\/v3\/wp-json\/wp\/v2\/media?parent=1188"}],"wp:term":[{"taxonomy":"category","embeddable":true,"href":"https:\/\/www.obispadorqta.org.ar\/v3\/wp-json\/wp\/v2\/categories?post=1188"},{"taxonomy":"post_tag","embeddable":true,"href":"https:\/\/www.obispadorqta.org.ar\/v3\/wp-json\/wp\/v2\/tags?post=1188"}],"curies":[{"name":"wp","href":"https:\/\/api.w.org\/{rel}","templated":true}]}}