{"id":1191,"date":"2016-01-11T15:27:18","date_gmt":"2016-01-11T15:27:18","guid":{"rendered":"http:\/\/www.obispadorqta.org.ar\/v3\/comunicado-de-prensa-2\/"},"modified":"2016-01-11T15:27:18","modified_gmt":"2016-01-11T15:27:18","slug":"comunicado-de-prensa-2","status":"publish","type":"post","link":"https:\/\/www.obispadorqta.org.ar\/v3\/comunicado-de-prensa-2\/","title":{"rendered":"COMUNICADO DE PRENSA"},"content":{"rendered":"<p>\u00a0\u00a0 <img loading=\"lazy\" decoding=\"async\" src=\"https:\/\/scontent-gru2-1.xx.fbcdn.net\/hphotos-xpa1\/v\/t1.0-9\/12391225_902849619811530_5000527806476777387_n.jpg?oh=0dd457e4f4abf05f566f06b7ba006db6&#038;oe=571BA6F9\" border=\"0\" width=\"96\" height=\"148\" \/>\u00a0 \u00a0 \u00a0 \u00a0 \u00a0 \u00a0 \u00a0 \u00a0 \u00a0 \u00a0 \u00a0 \u00a0 \u00a0 \u00a0 \u00a0 \u00a0 \u00a0 \u00a0 \u00a0<img loading=\"lazy\" decoding=\"async\" src=\"https:\/\/fbcdn-sphotos-a-a.akamaihd.net\/hphotos-ak-xaf1\/v\/t1.0-9\/922835_902849643144861_6080426001710149868_n.jpg?oh=8eddd4417afe170c2a66e2574b77d94f&#038;oe=57166E31&#038;__gda__=1460169750_5abdf55d00c2e1c4bc0430e44cffff95\" border=\"0\" width=\"123\" height=\"154\" \/> \u00a0 \u00a0 \u00a0 \u00a0 \u00a0 \u00a0 \u00a0 \u00a0 \u00a0 \u00a0 \u00a0 <\/p>\n<div style=\"text-align: center\">\u00a0 \u00a0\u00a0\u00a0 \u00a0 \u00a0 \u00a0\u00a0\u00a0 \u00a0 \u00a0 \u00a0 \u00a0 \u00a0\u00a0\u00a0 \u00a0\u00a0\u00a0 \u00a0 \u00a0 \u00a0\u00a0 <\/div>\n<p>C\u00e1ritas Diocesana y el Obispado de Reconquista, a trav\u00e9s de este  medio, hacemos saber a la poblaci\u00f3n que seguimos trabajando por los  hermanos afectados por el \u201cFen\u00f3meno del Ni\u00f1o\u201d.<\/p>\n<p> Agradecemos a las  personas que se solidarizaron durante estos d\u00edas donando alimentos y  elementos de limpieza. Como tambi\u00e9n a quienes se sumaron como  voluntarios. <\/p>\n<div class=\"text_exposed_show\">\n<p> Por otra parte,  informamos que esta semana desde el d\u00eda Lunes 11 de Enero del corriente  a\u00f1o hasta el d\u00eda Viernes 15 de Enero se encontrara abierta Caritas  Diocesana ( Mitre y Chacabuco), de 09 a 19 horas, con guardias  permanentes, para la recepci\u00f3n de donaciones. Se podr\u00e1n hacer consultas a  los tel\u00e9fonos 420201 y 15664606.<\/p>\n<p>&nbsp;<\/p>\n<\/div>\n<div style=\"text-align: justify\"><\/div>\n<div style=\"text-align: justify\"><span style=\"white-space: pre\" class=\"Apple-tab-span\">\t\t\t\t<\/span>OBISPADO RECONQUISTA \u00a0 \u00a0 \u00a0 \u00a0 \u00a0 \u00a0 \u00a0<span style=\"font-size: 12.16px; line-height: 15.808px\">CARITAS DIOCESANA<\/span><\/div>\n<div style=\"text-align: justify\">\u00a0<\/div>\n<p>&nbsp;<\/p>\n","protected":false},"excerpt":{"rendered":"<div class=\"mh-excerpt\"><p>\u00a0\u00a0 \u00a0 \u00a0 \u00a0 \u00a0 \u00a0 \u00a0 \u00a0 \u00a0 \u00a0 \u00a0 \u00a0 \u00a0 \u00a0 \u00a0 \u00a0 \u00a0 \u00a0 \u00a0 \u00a0 \u00a0 \u00a0 \u00a0 \u00a0 \u00a0 <a class=\"mh-excerpt-more\" href=\"https:\/\/www.obispadorqta.org.ar\/v3\/comunicado-de-prensa-2\/\" title=\"COMUNICADO DE PRENSA\">[&#8230;]<\/a><\/p>\n<\/div>","protected":false},"author":1,"featured_media":0,"comment_status":"open","ping_status":"open","sticky":false,"template":"","format":"standard","meta":{"footnotes":""},"categories":[28],"tags":[],"class_list":["post-1191","post","type-post","status-publish","format-standard","hentry","category-latest-news"],"_links":{"self":[{"href":"https:\/\/www.obispadorqta.org.ar\/v3\/wp-json\/wp\/v2\/posts\/1191","targetHints":{"allow":["GET"]}}],"collection":[{"href":"https:\/\/www.obispadorqta.org.ar\/v3\/wp-json\/wp\/v2\/posts"}],"about":[{"href":"https:\/\/www.obispadorqta.org.ar\/v3\/wp-json\/wp\/v2\/types\/post"}],"author":[{"embeddable":true,"href":"https:\/\/www.obispadorqta.org.ar\/v3\/wp-json\/wp\/v2\/users\/1"}],"replies":[{"embeddable":true,"href":"https:\/\/www.obispadorqta.org.ar\/v3\/wp-json\/wp\/v2\/comments?post=1191"}],"version-history":[{"count":0,"href":"https:\/\/www.obispadorqta.org.ar\/v3\/wp-json\/wp\/v2\/posts\/1191\/revisions"}],"wp:attachment":[{"href":"https:\/\/www.obispadorqta.org.ar\/v3\/wp-json\/wp\/v2\/media?parent=1191"}],"wp:term":[{"taxonomy":"category","embeddable":true,"href":"https:\/\/www.obispadorqta.org.ar\/v3\/wp-json\/wp\/v2\/categories?post=1191"},{"taxonomy":"post_tag","embeddable":true,"href":"https:\/\/www.obispadorqta.org.ar\/v3\/wp-json\/wp\/v2\/tags?post=1191"}],"curies":[{"name":"wp","href":"https:\/\/api.w.org\/{rel}","templated":true}]}}