{"id":1192,"date":"2016-01-21T14:52:46","date_gmt":"2016-01-21T14:52:46","guid":{"rendered":"http:\/\/www.obispadorqta.org.ar\/v3\/sssssss\/"},"modified":"2016-01-21T14:52:46","modified_gmt":"2016-01-21T14:52:46","slug":"sssssss","status":"publish","type":"post","link":"https:\/\/www.obispadorqta.org.ar\/v3\/sssssss\/","title":{"rendered":"Informaci\u00f3n sobre el padre Tom\u00e1s Spanghero."},"content":{"rendered":"<p align=\"center\"><img loading=\"lazy\" decoding=\"async\" src=\"https:\/\/fbcdn-sphotos-f-a.akamaihd.net\/hphotos-ak-xaf1\/v\/t1.0-9\/12438954_916524048444087_641416868295237689_n.jpg?oh=084dd060e9f5eb43959beb551b975969&#038;oe=572F2A01&#038;__gda__=1459453823_d983c108c7a065f283e6737de75db87f\" border=\"0\" width=\"300\" height=\"303\" \/> <\/p>\n<p align=\"justify\"><span class=\"fbPhotosPhotoCaption\"><span class=\"hasCaption\"><br \/>  Comunicamos a toda la comunidad diocesana que a ra\u00edz de un accidente  dom\u00e9stico que sufriera el P. Tom\u00e1s Spanghero y que le provocara un  hematoma en su cabeza, ha sido intervenido quirurgicamente en el d\u00eda de  la fecha. La operaci\u00f3n fue exitosa y se encuentra estable,  preventivamente en terapia intensiva por las pr\u00f3ximas 24 hs. <\/p>\n<p> Nos unimos en oraci\u00f3n por la pronta recuperaci\u00f3n del P. Tom\u00e1s.<\/span><\/span><\/p>\n","protected":false},"excerpt":{"rendered":"<div class=\"mh-excerpt\"><p>Comunicamos a toda la comunidad diocesana que a ra\u00edz de un accidente dom\u00e9stico que sufriera el P. Tom\u00e1s Spanghero y que le provocara un hematoma <a class=\"mh-excerpt-more\" href=\"https:\/\/www.obispadorqta.org.ar\/v3\/sssssss\/\" title=\"Informaci\u00f3n sobre el padre Tom\u00e1s Spanghero.\">[&#8230;]<\/a><\/p>\n<\/div>","protected":false},"author":1,"featured_media":0,"comment_status":"open","ping_status":"open","sticky":false,"template":"","format":"standard","meta":{"footnotes":""},"categories":[28],"tags":[],"class_list":["post-1192","post","type-post","status-publish","format-standard","hentry","category-latest-news"],"_links":{"self":[{"href":"https:\/\/www.obispadorqta.org.ar\/v3\/wp-json\/wp\/v2\/posts\/1192","targetHints":{"allow":["GET"]}}],"collection":[{"href":"https:\/\/www.obispadorqta.org.ar\/v3\/wp-json\/wp\/v2\/posts"}],"about":[{"href":"https:\/\/www.obispadorqta.org.ar\/v3\/wp-json\/wp\/v2\/types\/post"}],"author":[{"embeddable":true,"href":"https:\/\/www.obispadorqta.org.ar\/v3\/wp-json\/wp\/v2\/users\/1"}],"replies":[{"embeddable":true,"href":"https:\/\/www.obispadorqta.org.ar\/v3\/wp-json\/wp\/v2\/comments?post=1192"}],"version-history":[{"count":0,"href":"https:\/\/www.obispadorqta.org.ar\/v3\/wp-json\/wp\/v2\/posts\/1192\/revisions"}],"wp:attachment":[{"href":"https:\/\/www.obispadorqta.org.ar\/v3\/wp-json\/wp\/v2\/media?parent=1192"}],"wp:term":[{"taxonomy":"category","embeddable":true,"href":"https:\/\/www.obispadorqta.org.ar\/v3\/wp-json\/wp\/v2\/categories?post=1192"},{"taxonomy":"post_tag","embeddable":true,"href":"https:\/\/www.obispadorqta.org.ar\/v3\/wp-json\/wp\/v2\/tags?post=1192"}],"curies":[{"name":"wp","href":"https:\/\/api.w.org\/{rel}","templated":true}]}}