{"id":1197,"date":"2016-02-16T15:01:19","date_gmt":"2016-02-16T15:01:19","guid":{"rendered":"http:\/\/www.obispadorqta.org.ar\/v3\/hhhhhhh\/"},"modified":"2016-02-16T15:01:19","modified_gmt":"2016-02-16T15:01:19","slug":"hhhhhhh","status":"publish","type":"post","link":"https:\/\/www.obispadorqta.org.ar\/v3\/hhhhhhh\/","title":{"rendered":"Inicio a\u00f1o lectivo del Seminario Interdiocesano \u00abLa Encarnaci\u00f3n\u00bb"},"content":{"rendered":"<div style=\"text-align: center\"><img loading=\"lazy\" decoding=\"async\" src=\"https:\/\/scontent-gru2-1.xx.fbcdn.net\/hphotos-xlf1\/v\/t1.0-9\/12742553_930271470402678_31993306232025982_n.jpg?oh=42bf62fe691b373b0ae7602ece1c1f09&#038;oe=575C1EB8\" border=\"0\" width=\"400\" height=\"185\" \/><\/div>\n<div>\u00a0<\/div>\n<div style=\"text-align: justify\">El d\u00eda lunes 22 de febrero, a partir de las 19 hs, se dar\u00e1 inicio al a\u00f1o lectivo del Seminario Interdiocesano \u00abLa Encarnaci\u00f3n\u00bb en el cual se estar\u00e1n sumando cinco nuevos seminaristas de nuestra di\u00f3cesis de Reconquista. En esta celebraci\u00f3n participar\u00e1n nuestro Obispo Diocesano, Mons. \u00c1ngel Jos\u00e9 Mac\u00edn, otros Obispos de la Regi\u00f3n, sacerdotes, di\u00e1conos, religiosos y religiosas, y files laicos de las distintas di\u00f3cesis que integran el seminario.<\/div>\n<div style=\"text-align: justify\"><\/div>\n<div style=\"text-align: justify\">Invitamos a participar de este acontecimiento y a seguir rezando por las vocaciones.<\/div>\n<div>\u00a0<\/div>\n<div>\u00a0<\/div>\n","protected":false},"excerpt":{"rendered":"<div class=\"mh-excerpt\"><p>\u00a0 El d\u00eda lunes 22 de febrero, a partir de las 19 hs, se dar\u00e1 inicio al a\u00f1o lectivo del Seminario Interdiocesano \u00abLa Encarnaci\u00f3n\u00bb en <a class=\"mh-excerpt-more\" href=\"https:\/\/www.obispadorqta.org.ar\/v3\/hhhhhhh\/\" title=\"Inicio a\u00f1o lectivo del Seminario Interdiocesano \u00abLa Encarnaci\u00f3n\u00bb\">[&#8230;]<\/a><\/p>\n<\/div>","protected":false},"author":1,"featured_media":0,"comment_status":"open","ping_status":"open","sticky":false,"template":"","format":"standard","meta":{"footnotes":""},"categories":[28],"tags":[],"class_list":["post-1197","post","type-post","status-publish","format-standard","hentry","category-latest-news"],"_links":{"self":[{"href":"https:\/\/www.obispadorqta.org.ar\/v3\/wp-json\/wp\/v2\/posts\/1197","targetHints":{"allow":["GET"]}}],"collection":[{"href":"https:\/\/www.obispadorqta.org.ar\/v3\/wp-json\/wp\/v2\/posts"}],"about":[{"href":"https:\/\/www.obispadorqta.org.ar\/v3\/wp-json\/wp\/v2\/types\/post"}],"author":[{"embeddable":true,"href":"https:\/\/www.obispadorqta.org.ar\/v3\/wp-json\/wp\/v2\/users\/1"}],"replies":[{"embeddable":true,"href":"https:\/\/www.obispadorqta.org.ar\/v3\/wp-json\/wp\/v2\/comments?post=1197"}],"version-history":[{"count":0,"href":"https:\/\/www.obispadorqta.org.ar\/v3\/wp-json\/wp\/v2\/posts\/1197\/revisions"}],"wp:attachment":[{"href":"https:\/\/www.obispadorqta.org.ar\/v3\/wp-json\/wp\/v2\/media?parent=1197"}],"wp:term":[{"taxonomy":"category","embeddable":true,"href":"https:\/\/www.obispadorqta.org.ar\/v3\/wp-json\/wp\/v2\/categories?post=1197"},{"taxonomy":"post_tag","embeddable":true,"href":"https:\/\/www.obispadorqta.org.ar\/v3\/wp-json\/wp\/v2\/tags?post=1197"}],"curies":[{"name":"wp","href":"https:\/\/api.w.org\/{rel}","templated":true}]}}