{"id":1199,"date":"2016-02-24T12:57:58","date_gmt":"2016-02-24T12:57:58","guid":{"rendered":"http:\/\/www.obispadorqta.org.ar\/v3\/congreso\/"},"modified":"2016-02-24T12:57:58","modified_gmt":"2016-02-24T12:57:58","slug":"congreso","status":"publish","type":"post","link":"https:\/\/www.obispadorqta.org.ar\/v3\/congreso\/","title":{"rendered":"XI Congreso Eucar\u00edstico Nacional"},"content":{"rendered":"<div style=\"text-align: center\"><img loading=\"lazy\" decoding=\"async\" src=\"https:\/\/scontent-gru2-1.xx.fbcdn.net\/hphotos-xpt1\/v\/t1.0-9\/12650931_1517337475238860_1376700201651712639_n.jpg?oh=ae5ef6b40e799776813656e481cf0a5d&#038;oe=5725DB50\" border=\"0\" width=\"400\" height=\"242\" \/>\u00a0<\/div>\n<div>\u00a0<\/div>\n<div><\/div>\n<div style=\"text-align: justify\"><strong>\u00bfQu\u00e9 podemos decir sobre lo que es un Congreso Eucar\u00edstico?<\/strong>\u00a0<\/div>\n<div style=\"text-align: justify\">Es un momento de gracia, privilegiado, un regalo de Dios, donde celebraremos la Fe en torno a Jes\u00fas Eucarist\u00eda. La Iglesia como Pueblo de Dios celebra a Jes\u00fas Eucarist\u00eda desde hace m\u00e1s de XX siglos, \u201cdesde la salida del sol hasta el ocaso\u201d, en sus templos y, oportunamente y de un modo m\u00e1s manifiesto, en las plazas y calles de nuestras ciudades para gozo de las multitudes creyentes y para sost\u00e9n de su esperanza en el diario caminar de la vida. Una de esas circunstancias es un Congreso Eucar\u00edstico. En esta ocasi\u00f3n es muy significativo para la Argentina, porque celebraremos el bicentenario de nuestra Independencia declarada en Tucum\u00e1n, junto a una Iglesia viva y presente, comprometida con la historia de la Patria.<\/div>\n<div style=\"text-align: justify\"> <\/div>\n<div style=\"text-align: justify\"><strong>\u00bfQui\u00e9n convoca un Congreso Eucar\u00edstico?<\/strong>\u00a0<\/div>\n<div style=\"text-align: justify\">Lo convoca Jes\u00fas mismo por medio de nuestros Pastores. En esta oportunidad, a trav\u00e9s de la Conferencia Episcopal Argentina. Para tratar el tema: \u201cJesucristo, Pan de vida y comuni\u00f3n para nuestro Pueblo\u201d, y bajo el lema: \u201cJesucristo, Se\u00f1or de la historia, te necesitamos\u201d.\u00a0<\/div>\n<div style=\"text-align: justify\"><\/div>\n<div style=\"text-align: justify\"><strong>\u00bfCu\u00e1l es el fin?\u00a0<\/strong><\/div>\n<div style=\"text-align: justify\">Reconocer a Jes\u00fas en la Eucarist\u00eda, para adorarlo, celebrarlo y renovar nuestro compromiso de anunciarlo y testimoniarlo, en el hoy de nuestra Patria, de manera personal y comunitaria.\u00a0<\/div>\n<div style=\"text-align: justify\">Su sentido m\u00e1s profundo es glorificar a Cristo. Vamos a celebrar en la Eucarist\u00eda al Se\u00f1or Resucitado, adorar su presencia y agradecer su acompa\u00f1amiento desde los inicios de nuestra vida como pueblo.<\/div>\n<div style=\"text-align: justify\">\u00bfQui\u00e9nes participan?\u00a0<\/div>\n<div style=\"text-align: justify\">Todos estamos convocados, aun aquellos que est\u00e1n alejados y que no conocen todav\u00eda a Jes\u00fas, a compartir la fe recibida y el milagro de la presencia de Dios en la Eucarist\u00eda.\u00a0<\/div>\n<div style=\"text-align: justify\"><\/div>\n<div style=\"text-align: justify\"><strong>\u00bfDe qu\u00e9 modo se participa?<\/strong><\/div>\n<div style=\"text-align: justify\">a- <strong>COMO CONGRESAL<\/strong>: Llega en representaci\u00f3n de su di\u00f3cesis de origen. Participa activamente en todas las actividades programadas del Congreso. Es indispensable INSCRIBIRSE previamente.<\/div>\n<div style=\"text-align: justify\">b- <strong>COMO PARTICIPANTE<\/strong>: Participa en las celebraciones masivas del Congreso. No podr\u00e1 participar en las \u00e1reas de trabajo. No es necesario que se inscriba.<\/div>\n<div style=\"text-align: justify\"><\/div>\n<div style=\"text-align: justify\"><strong>\u00bfC\u00f3mo me inscribo?<\/strong><\/div>\n<div style=\"text-align: justify\">Tengo que dejar mis datos de nombre, tel\u00e9fono y\/o mail en el Obispado o en mi parroquia. Entonces los organizadores diocesanos se pondr\u00e1n en contacto para avanzar en la inscripci\u00f3n.<\/div>\n<div style=\"text-align: justify\">La otra forma es contactarse directamente a trav\u00e9s del Facebook: Cen Tucuman Delegaci\u00f3n Reconquista\u00a0<\/div>\n<div style=\"text-align: justify\">o a trav\u00e9s del correo electr\u00f3nico: cen2016reconquista@gmail.com<\/div>\n<div style=\"text-align: justify\">El valor es de $ 2300 (incluye inscripci\u00f3n, alojamiento, comidas, traslado ida y vuelta + asistencia m\u00e9dica).<\/div>\n","protected":false},"excerpt":{"rendered":"<div class=\"mh-excerpt\"><div style=\"text-align: center\"><img loading=\"lazy\" decoding=\"async\" src=\"https:\/\/scontent-gru2-1.xx.fbcdn.net\/hphotos-xpt1\/v\/t1.0-9\/12650931_1517337475238860_1376700201651712639_n.jpg?oh=ae5ef6b40e799776813656e481cf0a5d&#038;oe=5725DB50\" border=\"0\" width=\"400\" height=\"242\" \/>\u00a0<\/div>\n<div>\u00a0<\/div>\n<div><\/div>\n<div style=\"text-align: justify\"><strong>\u00bfQu\u00e9 podemos decir sobre lo que es un Congreso Eucar\u00edstico?<\/strong>\u00a0<\/div>\n<div style=\"text-align: justify\">Es un momento de gracia, privilegiado, un regalo de Dios, donde celebraremos la Fe en torno a Jes\u00fas Eucarist\u00eda. La Iglesia como Pueblo de Dios celebra a Jes\u00fas Eucarist\u00eda desde hace m\u00e1s de XX siglos, \u201cdesde la salida del sol hasta el ocaso\u201d, en sus templos y, oportunamente y de un modo m\u00e1s manifiesto, en las plazas y calles de nuestras ciudades para gozo de las multitudes creyentes y para sost\u00e9n de su esperanza en el diario caminar de la vida. Una de esas circunstancias es un Congreso Eucar\u00edstico. En esta ocasi\u00f3n es muy significativo para la Argentina, porque celebraremos el bicentenario de nuestra Independencia declarada en Tucum\u00e1n, junto a una Iglesia viva y presente, comprometida con la historia de la Patria.<\/div>\n<div style=\"text-align: justify\">\n<\/div>","protected":false},"author":1,"featured_media":0,"comment_status":"open","ping_status":"open","sticky":false,"template":"","format":"standard","meta":{"footnotes":""},"categories":[28],"tags":[],"class_list":["post-1199","post","type-post","status-publish","format-standard","hentry","category-latest-news"],"_links":{"self":[{"href":"https:\/\/www.obispadorqta.org.ar\/v3\/wp-json\/wp\/v2\/posts\/1199","targetHints":{"allow":["GET"]}}],"collection":[{"href":"https:\/\/www.obispadorqta.org.ar\/v3\/wp-json\/wp\/v2\/posts"}],"about":[{"href":"https:\/\/www.obispadorqta.org.ar\/v3\/wp-json\/wp\/v2\/types\/post"}],"author":[{"embeddable":true,"href":"https:\/\/www.obispadorqta.org.ar\/v3\/wp-json\/wp\/v2\/users\/1"}],"replies":[{"embeddable":true,"href":"https:\/\/www.obispadorqta.org.ar\/v3\/wp-json\/wp\/v2\/comments?post=1199"}],"version-history":[{"count":0,"href":"https:\/\/www.obispadorqta.org.ar\/v3\/wp-json\/wp\/v2\/posts\/1199\/revisions"}],"wp:attachment":[{"href":"https:\/\/www.obispadorqta.org.ar\/v3\/wp-json\/wp\/v2\/media?parent=1199"}],"wp:term":[{"taxonomy":"category","embeddable":true,"href":"https:\/\/www.obispadorqta.org.ar\/v3\/wp-json\/wp\/v2\/categories?post=1199"},{"taxonomy":"post_tag","embeddable":true,"href":"https:\/\/www.obispadorqta.org.ar\/v3\/wp-json\/wp\/v2\/tags?post=1199"}],"curies":[{"name":"wp","href":"https:\/\/api.w.org\/{rel}","templated":true}]}}