{"id":11995,"date":"2026-04-27T11:15:06","date_gmt":"2026-04-27T14:15:06","guid":{"rendered":"https:\/\/www.obispadorqta.org.ar\/v3\/?p=11995"},"modified":"2026-04-27T11:18:19","modified_gmt":"2026-04-27T14:18:19","slug":"charla-sobre-prevencion-de-adiccion","status":"publish","type":"post","link":"https:\/\/www.obispadorqta.org.ar\/v3\/charla-sobre-prevencion-de-adiccion\/","title":{"rendered":"Charla \u201cHablemos\u201d sobre prevenci\u00f3n de adicciones"},"content":{"rendered":"<p style=\"text-align: justify;\" data-start=\"0\" data-end=\"294\">El Grupo Santa M\u00f3nica tiene el agrado de invitarlos a la charla sobre Prevenci\u00f3n de Adicciones que brindar\u00e1 el Sr. <span class=\"hover:entity-accent entity-underline inline cursor-pointer align-baseline\"><span class=\"whitespace-normal\">Gast\u00f3n Pauls<\/span><\/span>, la cual se llevar\u00e1 a cabo el pr\u00f3ximo mi\u00e9rcoles 29 de abril a las 19:30 horas en las instalaciones del <span class=\"hover:entity-accent entity-underline inline cursor-pointer align-baseline\"><span class=\"whitespace-normal\">Club Atl\u00e9tico Adelante Reconquista<\/span><\/span>.<\/p>\n<p style=\"text-align: justify;\" data-start=\"296\" data-end=\"602\">Esta iniciativa nace del reconocimiento al valor fundamental que las comunidades de fe y sus l\u00edderes desempe\u00f1an en la contenci\u00f3n y el acompa\u00f1amiento de las familias de nuestra ciudad. Estamos convencidos de que su presencia es esencial para fortalecer el compromiso com\u00fan en el cuidado de nuestros j\u00f3venes.<\/p>\n<p class=\"isSelectedEnd\" style=\"text-align: justify;\">La entrada consistir\u00e1 en la donaci\u00f3n de un alimento no perecedero, destinado a colaborar con los sectores m\u00e1s vulnerables de la comunidad. Debido a la capacidad limitada del lugar, se solicita realizar la inscripci\u00f3n previa mediante el c\u00f3digo QR disponible en los materiales de difusi\u00f3n o ingresando al sitio web <a href=\"https:\/\/lacasa.org.ar?utm_source=chatgpt.com\">lacasa.org.ar<\/a>.<\/p>\n<p class=\"isSelectedEnd\" style=\"text-align: justify;\">La propuesta est\u00e1 dirigida a toda la comunidad regional: familias, j\u00f3venes y profesionales, incluyendo tambi\u00e9n a quienes no atraviesan situaciones de consumo, entendiendo la prevenci\u00f3n como una herramienta clave.\u00a0La charla \u201cHablemos\u201d se presenta como una oportunidad abierta para reflexionar, informarse y, sobre todo, fortalecer el mensaje de que siempre hay una salida posible frente a las adicciones.<\/p>\n","protected":false},"excerpt":{"rendered":"<div class=\"mh-excerpt\"><p>El Grupo Santa M\u00f3nica tiene el agrado de invitarlos a la charla sobre Prevenci\u00f3n de Adicciones que brindar\u00e1 el Sr. Gast\u00f3n Pauls, la cual se <a class=\"mh-excerpt-more\" href=\"https:\/\/www.obispadorqta.org.ar\/v3\/charla-sobre-prevencion-de-adiccion\/\" title=\"Charla \u201cHablemos\u201d sobre prevenci\u00f3n de adicciones\">[&#8230;]<\/a><\/p>\n<\/div>","protected":false},"author":2,"featured_media":11996,"comment_status":"closed","ping_status":"open","sticky":false,"template":"","format":"standard","meta":{"footnotes":""},"categories":[6,28],"tags":[],"class_list":["post-11995","post","type-post","status-publish","format-standard","has-post-thumbnail","hentry","category-news","category-latest-news"],"_links":{"self":[{"href":"https:\/\/www.obispadorqta.org.ar\/v3\/wp-json\/wp\/v2\/posts\/11995","targetHints":{"allow":["GET"]}}],"collection":[{"href":"https:\/\/www.obispadorqta.org.ar\/v3\/wp-json\/wp\/v2\/posts"}],"about":[{"href":"https:\/\/www.obispadorqta.org.ar\/v3\/wp-json\/wp\/v2\/types\/post"}],"author":[{"embeddable":true,"href":"https:\/\/www.obispadorqta.org.ar\/v3\/wp-json\/wp\/v2\/users\/2"}],"replies":[{"embeddable":true,"href":"https:\/\/www.obispadorqta.org.ar\/v3\/wp-json\/wp\/v2\/comments?post=11995"}],"version-history":[{"count":3,"href":"https:\/\/www.obispadorqta.org.ar\/v3\/wp-json\/wp\/v2\/posts\/11995\/revisions"}],"predecessor-version":[{"id":12000,"href":"https:\/\/www.obispadorqta.org.ar\/v3\/wp-json\/wp\/v2\/posts\/11995\/revisions\/12000"}],"wp:featuredmedia":[{"embeddable":true,"href":"https:\/\/www.obispadorqta.org.ar\/v3\/wp-json\/wp\/v2\/media\/11996"}],"wp:attachment":[{"href":"https:\/\/www.obispadorqta.org.ar\/v3\/wp-json\/wp\/v2\/media?parent=11995"}],"wp:term":[{"taxonomy":"category","embeddable":true,"href":"https:\/\/www.obispadorqta.org.ar\/v3\/wp-json\/wp\/v2\/categories?post=11995"},{"taxonomy":"post_tag","embeddable":true,"href":"https:\/\/www.obispadorqta.org.ar\/v3\/wp-json\/wp\/v2\/tags?post=11995"}],"curies":[{"name":"wp","href":"https:\/\/api.w.org\/{rel}","templated":true}]}}