{"id":12004,"date":"2026-04-28T11:32:03","date_gmt":"2026-04-28T14:32:03","guid":{"rendered":"https:\/\/www.obispadorqta.org.ar\/v3\/?p=12004"},"modified":"2026-04-28T11:32:24","modified_gmt":"2026-04-28T14:32:24","slug":"30-aniversario-de-la-parroquia-san-roque-de-reconquista","status":"publish","type":"post","link":"https:\/\/www.obispadorqta.org.ar\/v3\/30-aniversario-de-la-parroquia-san-roque-de-reconquista\/","title":{"rendered":"30\u00b0 Aniversario de la Parroquia San Roque de Reconquista"},"content":{"rendered":"<p style=\"text-align: justify;\" data-start=\"134\" data-end=\"315\">La comunidad de la <strong data-start=\"153\" data-end=\"191\">Parroquia San Roque de Reconquista<\/strong> invita a participar de la celebraci\u00f3n por sus <strong data-start=\"238\" data-end=\"268\">30 a\u00f1os de vida parroquial<\/strong>, que tendr\u00e1 lugar el pr\u00f3ximo <strong data-start=\"298\" data-end=\"312\">1\u00b0 de mayo<\/strong>.<\/p>\n<p style=\"text-align: justify;\" data-start=\"317\" data-end=\"534\">Ser\u00e1 una jornada de encuentro fraterno y acci\u00f3n de gracias, en la que compartiremos distintos momentos de alegr\u00eda junto a toda la comunidad: m\u00fasica, artistas locales invitados y propuestas para disfrutar en familia.<img loading=\"lazy\" decoding=\"async\" class=\"aligncenter  wp-image-12008\" src=\"https:\/\/www.obispadorqta.org.ar\/v3\/wp-content\/uploads\/2026\/04\/Captura-de-pantalla_28-4-2026_112448_www.instagram.com_.jpeg\" alt=\"\" width=\"364\" height=\"489\" srcset=\"https:\/\/www.obispadorqta.org.ar\/v3\/wp-content\/uploads\/2026\/04\/Captura-de-pantalla_28-4-2026_112448_www.instagram.com_.jpeg 636w, https:\/\/www.obispadorqta.org.ar\/v3\/wp-content\/uploads\/2026\/04\/Captura-de-pantalla_28-4-2026_112448_www.instagram.com_-223x300.jpeg 223w\" sizes=\"auto, (max-width: 364px) 100vw, 364px\" \/><\/p>\n<p style=\"text-align: justify;\" data-start=\"536\" data-end=\"755\">Este aniversario nos convoca a dar gracias a Dios por el camino recorrido, hacer memoria agradecida de quienes han sido parte de esta historia y renovar nuestro compromiso de seguir creciendo como comunidad de fe.<\/p>\n<p style=\"text-align: justify;\" data-start=\"757\" data-end=\"912\">Se invita especialmente a familias, j\u00f3venes y ni\u00f1os a sumarse a este festejo, llevando su mate y disponi\u00e9ndose a compartir un momento de fraternidad.<\/p>\n<p style=\"text-align: justify;\" data-start=\"914\" data-end=\"992\"><em>Los esperamos para celebrar juntos este significativo acontecimiento.<\/em><\/p>\n<p data-start=\"914\" data-end=\"992\"><img loading=\"lazy\" decoding=\"async\" class=\"aligncenter  wp-image-12009\" src=\"https:\/\/www.obispadorqta.org.ar\/v3\/wp-content\/uploads\/2026\/04\/673841044_26414098401574717_324799357460737528_n.jpg\" alt=\"\" width=\"387\" height=\"581\" srcset=\"https:\/\/www.obispadorqta.org.ar\/v3\/wp-content\/uploads\/2026\/04\/673841044_26414098401574717_324799357460737528_n.jpg 1024w, https:\/\/www.obispadorqta.org.ar\/v3\/wp-content\/uploads\/2026\/04\/673841044_26414098401574717_324799357460737528_n-200x300.jpg 200w, https:\/\/www.obispadorqta.org.ar\/v3\/wp-content\/uploads\/2026\/04\/673841044_26414098401574717_324799357460737528_n-683x1024.jpg 683w, https:\/\/www.obispadorqta.org.ar\/v3\/wp-content\/uploads\/2026\/04\/673841044_26414098401574717_324799357460737528_n-768x1152.jpg 768w\" sizes=\"auto, (max-width: 387px) 100vw, 387px\" \/><\/p>\n","protected":false},"excerpt":{"rendered":"<div class=\"mh-excerpt\"><p>La comunidad de la Parroquia San Roque de Reconquista invita a participar de la celebraci\u00f3n por sus 30 a\u00f1os de vida parroquial, que tendr\u00e1 lugar <a class=\"mh-excerpt-more\" href=\"https:\/\/www.obispadorqta.org.ar\/v3\/30-aniversario-de-la-parroquia-san-roque-de-reconquista\/\" title=\"30\u00b0 Aniversario de la Parroquia San Roque de Reconquista\">[&#8230;]<\/a><\/p>\n<\/div>","protected":false},"author":2,"featured_media":12011,"comment_status":"closed","ping_status":"open","sticky":false,"template":"","format":"standard","meta":{"footnotes":""},"categories":[6,28],"tags":[],"class_list":["post-12004","post","type-post","status-publish","format-standard","has-post-thumbnail","hentry","category-news","category-latest-news"],"_links":{"self":[{"href":"https:\/\/www.obispadorqta.org.ar\/v3\/wp-json\/wp\/v2\/posts\/12004","targetHints":{"allow":["GET"]}}],"collection":[{"href":"https:\/\/www.obispadorqta.org.ar\/v3\/wp-json\/wp\/v2\/posts"}],"about":[{"href":"https:\/\/www.obispadorqta.org.ar\/v3\/wp-json\/wp\/v2\/types\/post"}],"author":[{"embeddable":true,"href":"https:\/\/www.obispadorqta.org.ar\/v3\/wp-json\/wp\/v2\/users\/2"}],"replies":[{"embeddable":true,"href":"https:\/\/www.obispadorqta.org.ar\/v3\/wp-json\/wp\/v2\/comments?post=12004"}],"version-history":[{"count":4,"href":"https:\/\/www.obispadorqta.org.ar\/v3\/wp-json\/wp\/v2\/posts\/12004\/revisions"}],"predecessor-version":[{"id":12013,"href":"https:\/\/www.obispadorqta.org.ar\/v3\/wp-json\/wp\/v2\/posts\/12004\/revisions\/12013"}],"wp:featuredmedia":[{"embeddable":true,"href":"https:\/\/www.obispadorqta.org.ar\/v3\/wp-json\/wp\/v2\/media\/12011"}],"wp:attachment":[{"href":"https:\/\/www.obispadorqta.org.ar\/v3\/wp-json\/wp\/v2\/media?parent=12004"}],"wp:term":[{"taxonomy":"category","embeddable":true,"href":"https:\/\/www.obispadorqta.org.ar\/v3\/wp-json\/wp\/v2\/categories?post=12004"},{"taxonomy":"post_tag","embeddable":true,"href":"https:\/\/www.obispadorqta.org.ar\/v3\/wp-json\/wp\/v2\/tags?post=12004"}],"curies":[{"name":"wp","href":"https:\/\/api.w.org\/{rel}","templated":true}]}}