{"id":12018,"date":"2026-04-29T10:34:58","date_gmt":"2026-04-29T13:34:58","guid":{"rendered":"https:\/\/www.obispadorqta.org.ar\/v3\/?p=12018"},"modified":"2026-04-29T10:35:25","modified_gmt":"2026-04-29T13:35:25","slug":"retiro-diaconos-permanentes-de-la-diocesis","status":"publish","type":"post","link":"https:\/\/www.obispadorqta.org.ar\/v3\/retiro-diaconos-permanentes-de-la-diocesis\/","title":{"rendered":"Retiro Di\u00e1conos Permanentes de la Di\u00f3cesis"},"content":{"rendered":"<p style=\"text-align: justify;\" data-start=\"146\" data-end=\"342\">Desde la ma\u00f1ana del viernes 1 de mayo hasta la tarde del s\u00e1bado 2 de mayo, los di\u00e1conos permanentes de la Di\u00f3cesis, junto a sus esposas, vivir\u00e1n su Retiro Anual en la Casa de Itat\u00ed, en Avellaneda.<\/p>\n<p style=\"text-align: justify;\" data-start=\"344\" data-end=\"649\">Ser\u00e1 un tiempo de oraci\u00f3n, reflexi\u00f3n y encuentro fraterno, acompa\u00f1ado por la predicaci\u00f3n del Pbro. Rub\u00e9n Taibo, Rector del Seminario Interdiocesano \u201cLa Encarnaci\u00f3n\u201d de Resistencia, quien profundizar\u00e1 en la identidad del di\u00e1cono, la vocaci\u00f3n al servicio y la misi\u00f3n pastoral al servicio del Pueblo de Dios.<\/p>\n<p style=\"text-align: justify;\" data-start=\"651\" data-end=\"828\" data-is-last-node=\"\" data-is-only-node=\"\">Encomendamos este retiro a la oraci\u00f3n de toda la comunidad, para que sea un tiempo fecundo que fortalezca la vida espiritual y el compromiso de nuestros di\u00e1conos y sus familias.<\/p>\n","protected":false},"excerpt":{"rendered":"<div class=\"mh-excerpt\"><p>Desde la ma\u00f1ana del viernes 1 de mayo hasta la tarde del s\u00e1bado 2 de mayo, los di\u00e1conos permanentes de la Di\u00f3cesis, junto a sus <a class=\"mh-excerpt-more\" href=\"https:\/\/www.obispadorqta.org.ar\/v3\/retiro-diaconos-permanentes-de-la-diocesis\/\" title=\"Retiro Di\u00e1conos Permanentes de la Di\u00f3cesis\">[&#8230;]<\/a><\/p>\n<\/div>","protected":false},"author":2,"featured_media":12021,"comment_status":"closed","ping_status":"open","sticky":false,"template":"","format":"standard","meta":{"footnotes":""},"categories":[6,28],"tags":[],"class_list":["post-12018","post","type-post","status-publish","format-standard","has-post-thumbnail","hentry","category-news","category-latest-news"],"_links":{"self":[{"href":"https:\/\/www.obispadorqta.org.ar\/v3\/wp-json\/wp\/v2\/posts\/12018","targetHints":{"allow":["GET"]}}],"collection":[{"href":"https:\/\/www.obispadorqta.org.ar\/v3\/wp-json\/wp\/v2\/posts"}],"about":[{"href":"https:\/\/www.obispadorqta.org.ar\/v3\/wp-json\/wp\/v2\/types\/post"}],"author":[{"embeddable":true,"href":"https:\/\/www.obispadorqta.org.ar\/v3\/wp-json\/wp\/v2\/users\/2"}],"replies":[{"embeddable":true,"href":"https:\/\/www.obispadorqta.org.ar\/v3\/wp-json\/wp\/v2\/comments?post=12018"}],"version-history":[{"count":1,"href":"https:\/\/www.obispadorqta.org.ar\/v3\/wp-json\/wp\/v2\/posts\/12018\/revisions"}],"predecessor-version":[{"id":12020,"href":"https:\/\/www.obispadorqta.org.ar\/v3\/wp-json\/wp\/v2\/posts\/12018\/revisions\/12020"}],"wp:featuredmedia":[{"embeddable":true,"href":"https:\/\/www.obispadorqta.org.ar\/v3\/wp-json\/wp\/v2\/media\/12021"}],"wp:attachment":[{"href":"https:\/\/www.obispadorqta.org.ar\/v3\/wp-json\/wp\/v2\/media?parent=12018"}],"wp:term":[{"taxonomy":"category","embeddable":true,"href":"https:\/\/www.obispadorqta.org.ar\/v3\/wp-json\/wp\/v2\/categories?post=12018"},{"taxonomy":"post_tag","embeddable":true,"href":"https:\/\/www.obispadorqta.org.ar\/v3\/wp-json\/wp\/v2\/tags?post=12018"}],"curies":[{"name":"wp","href":"https:\/\/api.w.org\/{rel}","templated":true}]}}