{"id":1204,"date":"2016-03-15T14:31:28","date_gmt":"2016-03-15T14:31:28","guid":{"rendered":"http:\/\/www.obispadorqta.org.ar\/v3\/sanjose\/"},"modified":"2016-03-15T14:31:28","modified_gmt":"2016-03-15T14:31:28","slug":"sanjose","status":"publish","type":"post","link":"https:\/\/www.obispadorqta.org.ar\/v3\/sanjose\/","title":{"rendered":"19 de marzo: San Jos\u00e9"},"content":{"rendered":"<div style=\"text-align: center\"><img loading=\"lazy\" decoding=\"async\" src=\"https:\/\/scontent-grt2-1.xx.fbcdn.net\/hphotos-xpa1\/v\/t1.0-9\/10599132_946399478789877_6105872907318275506_n.jpg?oh=50b0f7cb31402662aef7605abca13680&#038;oe=5794692C\" border=\"0\" width=\"412\" height=\"450\" \/><\/div>\n<div>\u00a0<\/div>\n<div style=\"text-align: justify\">Invitamos a toda la comunidad a participar de la Santa Misa en conmemoraci\u00f3n de nuestro patrono \u00abSan Jos\u00e9\u00bb, la misma se llevar\u00e1 a cabo el d\u00eda viernes 18 (primeras v\u00edsperas) a las 20:15 en la Iglesia Catedral \u00abInmaculada Concepci\u00f3n\u00bb y ser\u00e1 presidida por el Obispo Diocesano, Mons. \u00c1ngel Jos\u00e9 Mac\u00edn.<\/div>\n<div style=\"text-align: justify\"><\/div>\n<div style=\"text-align: justify\">Nos encomendamos a nuestro Patrono San Jos\u00e9 y pedimos que derrame su bendici\u00f3n a toda nuestra di\u00f3cesis de Reconquista.<\/div>\n","protected":false},"excerpt":{"rendered":"<div class=\"mh-excerpt\"><p>\u00a0 Invitamos a toda la comunidad a participar de la Santa Misa en conmemoraci\u00f3n de nuestro patrono \u00abSan Jos\u00e9\u00bb, la misma se llevar\u00e1 a cabo <a class=\"mh-excerpt-more\" href=\"https:\/\/www.obispadorqta.org.ar\/v3\/sanjose\/\" title=\"19 de marzo: San Jos\u00e9\">[&#8230;]<\/a><\/p>\n<\/div>","protected":false},"author":1,"featured_media":0,"comment_status":"open","ping_status":"open","sticky":false,"template":"","format":"standard","meta":{"footnotes":""},"categories":[28],"tags":[],"class_list":["post-1204","post","type-post","status-publish","format-standard","hentry","category-latest-news"],"_links":{"self":[{"href":"https:\/\/www.obispadorqta.org.ar\/v3\/wp-json\/wp\/v2\/posts\/1204","targetHints":{"allow":["GET"]}}],"collection":[{"href":"https:\/\/www.obispadorqta.org.ar\/v3\/wp-json\/wp\/v2\/posts"}],"about":[{"href":"https:\/\/www.obispadorqta.org.ar\/v3\/wp-json\/wp\/v2\/types\/post"}],"author":[{"embeddable":true,"href":"https:\/\/www.obispadorqta.org.ar\/v3\/wp-json\/wp\/v2\/users\/1"}],"replies":[{"embeddable":true,"href":"https:\/\/www.obispadorqta.org.ar\/v3\/wp-json\/wp\/v2\/comments?post=1204"}],"version-history":[{"count":0,"href":"https:\/\/www.obispadorqta.org.ar\/v3\/wp-json\/wp\/v2\/posts\/1204\/revisions"}],"wp:attachment":[{"href":"https:\/\/www.obispadorqta.org.ar\/v3\/wp-json\/wp\/v2\/media?parent=1204"}],"wp:term":[{"taxonomy":"category","embeddable":true,"href":"https:\/\/www.obispadorqta.org.ar\/v3\/wp-json\/wp\/v2\/categories?post=1204"},{"taxonomy":"post_tag","embeddable":true,"href":"https:\/\/www.obispadorqta.org.ar\/v3\/wp-json\/wp\/v2\/tags?post=1204"}],"curies":[{"name":"wp","href":"https:\/\/api.w.org\/{rel}","templated":true}]}}